{"id":5873,"date":"2025-04-01T12:19:53","date_gmt":"2025-04-01T12:19:53","guid":{"rendered":"https:\/\/wpinitiate.com\/echo-test\/demo76e71539\/2025\/04\/01\/stephan-weil-niedersachsens-ministerprasident-kundigt-ruckzug-nach-zwolf-jahren-an\/"},"modified":"2025-04-01T12:19:53","modified_gmt":"2025-04-01T12:19:53","slug":"stephan-weil-niedersachsens-ministerprasident-kundigt-ruckzug-nach-zwolf-jahren-an","status":"publish","type":"post","link":"https:\/\/wpinitiate.com\/echo-test\/demo76e71539\/2025\/04\/01\/stephan-weil-niedersachsens-ministerprasident-kundigt-ruckzug-nach-zwolf-jahren-an\/","title":{"rendered":"Stephan Weil: Niedersachsens Ministerpr\u00e4sident k\u00fcndigt R\u00fcckzug nach zw\u00f6lf Jahren an"},"content":{"rendered":"<p>Die \u00c4ra Stephan Weil endet: Der nieders\u00e4chsische Ministerpr\u00e4sident zieht sich nach mehr als zw\u00f6lf Jahren zur\u00fcck. Seine Nachfolge ist bereits gekl\u00e4rt. Der F\u00fchrungswechsel in Hannover f\u00e4llt f\u00fcr die Sozialdemokraten in eine Zeit des Umbruchs.<\/p>\n","protected":false},"excerpt":{"rendered":"<p>Die \u00c4ra Stephan Weil endet: Der nieders\u00e4chsische Ministerpr\u00e4sident zieht sich nach mehr als zw\u00f6lf Jahren zur\u00fcck. Seine Nachfolge ist bereits gekl\u00e4rt. Der F\u00fchrungswechsel in Hannover f\u00e4llt f\u00fcr die Sozialdemokraten in eine Zeit des Umbruchs.<\/p>\n","protected":false},"author":1,"featured_media":5874,"comment_status":"open","ping_status":"open","sticky":false,"template":"","format":"standard","meta":{"footnotes":""},"categories":[1],"tags":[],"class_list":["post-5873","post","type-post","status-publish","format-standard","has-post-thumbnail","hentry","category-uncategorized"],"_links":{"self":[{"href":"https:\/\/wpinitiate.com\/echo-test\/demo76e71539\/wp-json\/wp\/v2\/posts\/5873","targetHints":{"allow":["GET"]}}],"collection":[{"href":"https:\/\/wpinitiate.com\/echo-test\/demo76e71539\/wp-json\/wp\/v2\/posts"}],"about":[{"href":"https:\/\/wpinitiate.com\/echo-test\/demo76e71539\/wp-json\/wp\/v2\/types\/post"}],"author":[{"embeddable":true,"href":"https:\/\/wpinitiate.com\/echo-test\/demo76e71539\/wp-json\/wp\/v2\/users\/1"}],"replies":[{"embeddable":true,"href":"https:\/\/wpinitiate.com\/echo-test\/demo76e71539\/wp-json\/wp\/v2\/comments?post=5873"}],"version-history":[{"count":0,"href":"https:\/\/wpinitiate.com\/echo-test\/demo76e71539\/wp-json\/wp\/v2\/posts\/5873\/revisions"}],"wp:featuredmedia":[{"embeddable":true,"href":"https:\/\/wpinitiate.com\/echo-test\/demo76e71539\/wp-json\/wp\/v2\/media\/5874"}],"wp:attachment":[{"href":"https:\/\/wpinitiate.com\/echo-test\/demo76e71539\/wp-json\/wp\/v2\/media?parent=5873"}],"wp:term":[{"taxonomy":"category","embeddable":true,"href":"https:\/\/wpinitiate.com\/echo-test\/demo76e71539\/wp-json\/wp\/v2\/categories?post=5873"},{"taxonomy":"post_tag","embeddable":true,"href":"https:\/\/wpinitiate.com\/echo-test\/demo76e71539\/wp-json\/wp\/v2\/tags?post=5873"}],"curies":[{"name":"wp","href":"https:\/\/api.w.org\/{rel}","templated":true}]}}