{"id":5903,"date":"2025-04-01T18:40:11","date_gmt":"2025-04-01T18:40:11","guid":{"rendered":"https:\/\/wpinitiate.com\/echo-test\/demo76e71539\/2025\/04\/01\/ursula-von-der-leyen-eu-kommission-plant-lockerung-der-klimaregeln-fur-autobauer\/"},"modified":"2025-04-01T18:40:11","modified_gmt":"2025-04-01T18:40:11","slug":"ursula-von-der-leyen-eu-kommission-plant-lockerung-der-klimaregeln-fur-autobauer","status":"publish","type":"post","link":"https:\/\/wpinitiate.com\/echo-test\/demo76e71539\/2025\/04\/01\/ursula-von-der-leyen-eu-kommission-plant-lockerung-der-klimaregeln-fur-autobauer\/","title":{"rendered":"Ursula von der Leyen: EU-Kommission plant Lockerung der Klimaregeln f\u00fcr Autobauer"},"content":{"rendered":"<p>Angesichts drohender CO\u2082-Strafen will die EU-Kommission Autobauern mehr Zeit einr\u00e4umen, um Klimaregeln einzuhalten. Anstelle einer j\u00e4hrlichen Einhaltung der Grenzwerte sollen die Unternehmen k\u00fcnftig drei Jahre Zeit bekommen.<\/p>\n","protected":false},"excerpt":{"rendered":"<p>Angesichts drohender CO\u2082-Strafen will die EU-Kommission Autobauern mehr Zeit einr\u00e4umen, um Klimaregeln einzuhalten. Anstelle einer j\u00e4hrlichen Einhaltung der Grenzwerte sollen die Unternehmen k\u00fcnftig drei Jahre Zeit bekommen.<\/p>\n","protected":false},"author":1,"featured_media":5904,"comment_status":"open","ping_status":"open","sticky":false,"template":"","format":"standard","meta":{"footnotes":""},"categories":[1],"tags":[],"class_list":["post-5903","post","type-post","status-publish","format-standard","has-post-thumbnail","hentry","category-uncategorized"],"_links":{"self":[{"href":"https:\/\/wpinitiate.com\/echo-test\/demo76e71539\/wp-json\/wp\/v2\/posts\/5903","targetHints":{"allow":["GET"]}}],"collection":[{"href":"https:\/\/wpinitiate.com\/echo-test\/demo76e71539\/wp-json\/wp\/v2\/posts"}],"about":[{"href":"https:\/\/wpinitiate.com\/echo-test\/demo76e71539\/wp-json\/wp\/v2\/types\/post"}],"author":[{"embeddable":true,"href":"https:\/\/wpinitiate.com\/echo-test\/demo76e71539\/wp-json\/wp\/v2\/users\/1"}],"replies":[{"embeddable":true,"href":"https:\/\/wpinitiate.com\/echo-test\/demo76e71539\/wp-json\/wp\/v2\/comments?post=5903"}],"version-history":[{"count":0,"href":"https:\/\/wpinitiate.com\/echo-test\/demo76e71539\/wp-json\/wp\/v2\/posts\/5903\/revisions"}],"wp:featuredmedia":[{"embeddable":true,"href":"https:\/\/wpinitiate.com\/echo-test\/demo76e71539\/wp-json\/wp\/v2\/media\/5904"}],"wp:attachment":[{"href":"https:\/\/wpinitiate.com\/echo-test\/demo76e71539\/wp-json\/wp\/v2\/media?parent=5903"}],"wp:term":[{"taxonomy":"category","embeddable":true,"href":"https:\/\/wpinitiate.com\/echo-test\/demo76e71539\/wp-json\/wp\/v2\/categories?post=5903"},{"taxonomy":"post_tag","embeddable":true,"href":"https:\/\/wpinitiate.com\/echo-test\/demo76e71539\/wp-json\/wp\/v2\/tags?post=5903"}],"curies":[{"name":"wp","href":"https:\/\/api.w.org\/{rel}","templated":true}]}}