{"id":592,"date":"2024-05-24T05:24:26","date_gmt":"2024-05-24T05:24:26","guid":{"rendered":"https:\/\/wpinitiate.com\/echo-test\/demo76e71539\/2024\/05\/24\/m-abgang-eines-audi-managers-warum-sebastian-grams-statt-sportwagen-lieber-ein-private-equity-unternehmen-digitalisiert\/"},"modified":"2024-05-24T05:24:26","modified_gmt":"2024-05-24T05:24:26","slug":"m-abgang-eines-audi-managers-warum-sebastian-grams-statt-sportwagen-lieber-ein-private-equity-unternehmen-digitalisiert","status":"publish","type":"post","link":"https:\/\/wpinitiate.com\/echo-test\/demo76e71539\/2024\/05\/24\/m-abgang-eines-audi-managers-warum-sebastian-grams-statt-sportwagen-lieber-ein-private-equity-unternehmen-digitalisiert\/","title":{"rendered":"(m+) Abgang eines Audi-Managers: Warum Sebastian Grams statt Sportwagen lieber ein Private-Equity-Unternehmen digitalisiert"},"content":{"rendered":"<p>Digitalchef bei Seat, Gesch\u00e4ftsf\u00fchrer von Audi Sport: Sebastian Grams schien auf dem Weg in die Volkswagen-Spitze. Bis er k\u00fcndigte, um beim Logistiker Plastikboxen zu digitalisieren. Die Story eines bizarren Wechsels.<\/p>\n","protected":false},"excerpt":{"rendered":"<p>Digitalchef bei Seat, Gesch\u00e4ftsf\u00fchrer von Audi Sport: Sebastian Grams schien auf dem Weg in die Volkswagen-Spitze. Bis er k\u00fcndigte, um beim Logistiker Plastikboxen zu digitalisieren. Die Story eines bizarren Wechsels.<\/p>\n","protected":false},"author":1,"featured_media":593,"comment_status":"open","ping_status":"open","sticky":false,"template":"","format":"standard","meta":{"footnotes":""},"categories":[1],"tags":[],"class_list":["post-592","post","type-post","status-publish","format-standard","has-post-thumbnail","hentry","category-uncategorized"],"_links":{"self":[{"href":"https:\/\/wpinitiate.com\/echo-test\/demo76e71539\/wp-json\/wp\/v2\/posts\/592","targetHints":{"allow":["GET"]}}],"collection":[{"href":"https:\/\/wpinitiate.com\/echo-test\/demo76e71539\/wp-json\/wp\/v2\/posts"}],"about":[{"href":"https:\/\/wpinitiate.com\/echo-test\/demo76e71539\/wp-json\/wp\/v2\/types\/post"}],"author":[{"embeddable":true,"href":"https:\/\/wpinitiate.com\/echo-test\/demo76e71539\/wp-json\/wp\/v2\/users\/1"}],"replies":[{"embeddable":true,"href":"https:\/\/wpinitiate.com\/echo-test\/demo76e71539\/wp-json\/wp\/v2\/comments?post=592"}],"version-history":[{"count":0,"href":"https:\/\/wpinitiate.com\/echo-test\/demo76e71539\/wp-json\/wp\/v2\/posts\/592\/revisions"}],"wp:featuredmedia":[{"embeddable":true,"href":"https:\/\/wpinitiate.com\/echo-test\/demo76e71539\/wp-json\/wp\/v2\/media\/593"}],"wp:attachment":[{"href":"https:\/\/wpinitiate.com\/echo-test\/demo76e71539\/wp-json\/wp\/v2\/media?parent=592"}],"wp:term":[{"taxonomy":"category","embeddable":true,"href":"https:\/\/wpinitiate.com\/echo-test\/demo76e71539\/wp-json\/wp\/v2\/categories?post=592"},{"taxonomy":"post_tag","embeddable":true,"href":"https:\/\/wpinitiate.com\/echo-test\/demo76e71539\/wp-json\/wp\/v2\/tags?post=592"}],"curies":[{"name":"wp","href":"https:\/\/api.w.org\/{rel}","templated":true}]}}