{"id":6381,"date":"2025-04-10T16:13:07","date_gmt":"2025-04-10T16:13:07","guid":{"rendered":"https:\/\/wpinitiate.com\/echo-test\/demo76e71539\/2025\/04\/10\/eu-ursula-von-der-leyen-sieht-trumps-zollpause-als-chance-fur-die-weltwirtschaft\/"},"modified":"2025-04-10T16:13:07","modified_gmt":"2025-04-10T16:13:07","slug":"eu-ursula-von-der-leyen-sieht-trumps-zollpause-als-chance-fur-die-weltwirtschaft","status":"publish","type":"post","link":"https:\/\/wpinitiate.com\/echo-test\/demo76e71539\/2025\/04\/10\/eu-ursula-von-der-leyen-sieht-trumps-zollpause-als-chance-fur-die-weltwirtschaft\/","title":{"rendered":"EU: Ursula von der Leyen sieht Trumps Zollpause als Chance f\u00fcr die Weltwirtschaft"},"content":{"rendered":"<p>EU-Kommissionspr\u00e4sidentin von der Leyen wertet die von Trump angek\u00fcndigte 90-t\u00e4gige Zollpause als positives Signal. Auch Friedrich Merz reagiert erleichtert und unterbreitet einen Vorschlag f\u00fcr den transatlantischen Handel.<\/p>\n","protected":false},"excerpt":{"rendered":"<p>EU-Kommissionspr\u00e4sidentin von der Leyen wertet die von Trump angek\u00fcndigte 90-t\u00e4gige Zollpause als positives Signal. Auch Friedrich Merz reagiert erleichtert und unterbreitet einen Vorschlag f\u00fcr den transatlantischen Handel.<\/p>\n","protected":false},"author":1,"featured_media":6382,"comment_status":"open","ping_status":"open","sticky":false,"template":"","format":"standard","meta":{"footnotes":""},"categories":[1],"tags":[],"class_list":["post-6381","post","type-post","status-publish","format-standard","has-post-thumbnail","hentry","category-uncategorized"],"_links":{"self":[{"href":"https:\/\/wpinitiate.com\/echo-test\/demo76e71539\/wp-json\/wp\/v2\/posts\/6381","targetHints":{"allow":["GET"]}}],"collection":[{"href":"https:\/\/wpinitiate.com\/echo-test\/demo76e71539\/wp-json\/wp\/v2\/posts"}],"about":[{"href":"https:\/\/wpinitiate.com\/echo-test\/demo76e71539\/wp-json\/wp\/v2\/types\/post"}],"author":[{"embeddable":true,"href":"https:\/\/wpinitiate.com\/echo-test\/demo76e71539\/wp-json\/wp\/v2\/users\/1"}],"replies":[{"embeddable":true,"href":"https:\/\/wpinitiate.com\/echo-test\/demo76e71539\/wp-json\/wp\/v2\/comments?post=6381"}],"version-history":[{"count":0,"href":"https:\/\/wpinitiate.com\/echo-test\/demo76e71539\/wp-json\/wp\/v2\/posts\/6381\/revisions"}],"wp:featuredmedia":[{"embeddable":true,"href":"https:\/\/wpinitiate.com\/echo-test\/demo76e71539\/wp-json\/wp\/v2\/media\/6382"}],"wp:attachment":[{"href":"https:\/\/wpinitiate.com\/echo-test\/demo76e71539\/wp-json\/wp\/v2\/media?parent=6381"}],"wp:term":[{"taxonomy":"category","embeddable":true,"href":"https:\/\/wpinitiate.com\/echo-test\/demo76e71539\/wp-json\/wp\/v2\/categories?post=6381"},{"taxonomy":"post_tag","embeddable":true,"href":"https:\/\/wpinitiate.com\/echo-test\/demo76e71539\/wp-json\/wp\/v2\/tags?post=6381"}],"curies":[{"name":"wp","href":"https:\/\/api.w.org\/{rel}","templated":true}]}}