{"id":6931,"date":"2025-04-23T08:03:48","date_gmt":"2025-04-23T08:03:48","guid":{"rendered":"https:\/\/wpinitiate.com\/echo-test\/demo76e71539\/2025\/04\/23\/mindestlohn-spd-will-mindestlohn-politische-festsetzen\/"},"modified":"2025-04-23T08:03:48","modified_gmt":"2025-04-23T08:03:48","slug":"mindestlohn-spd-will-mindestlohn-politische-festsetzen","status":"publish","type":"post","link":"https:\/\/wpinitiate.com\/echo-test\/demo76e71539\/2025\/04\/23\/mindestlohn-spd-will-mindestlohn-politische-festsetzen\/","title":{"rendered":"Mindestlohn: SPD will Mindestlohn politische festsetzen"},"content":{"rendered":"<p>Die SPD erh\u00f6ht den Druck auf die Mindestlohnkommission: Sollte die n\u00e4chste Anhebung nicht wie gew\u00fcnscht ausfallen, k\u00f6nnte das auch ein Gesetz regeln, droht Generalsekret\u00e4r Miersch.<\/p>\n","protected":false},"excerpt":{"rendered":"<p>Die SPD erh\u00f6ht den Druck auf die Mindestlohnkommission: Sollte die n\u00e4chste Anhebung nicht wie gew\u00fcnscht ausfallen, k\u00f6nnte das auch ein Gesetz regeln, droht Generalsekret\u00e4r Miersch.<\/p>\n","protected":false},"author":1,"featured_media":6932,"comment_status":"open","ping_status":"open","sticky":false,"template":"","format":"standard","meta":{"footnotes":""},"categories":[1],"tags":[],"class_list":["post-6931","post","type-post","status-publish","format-standard","has-post-thumbnail","hentry","category-uncategorized"],"_links":{"self":[{"href":"https:\/\/wpinitiate.com\/echo-test\/demo76e71539\/wp-json\/wp\/v2\/posts\/6931","targetHints":{"allow":["GET"]}}],"collection":[{"href":"https:\/\/wpinitiate.com\/echo-test\/demo76e71539\/wp-json\/wp\/v2\/posts"}],"about":[{"href":"https:\/\/wpinitiate.com\/echo-test\/demo76e71539\/wp-json\/wp\/v2\/types\/post"}],"author":[{"embeddable":true,"href":"https:\/\/wpinitiate.com\/echo-test\/demo76e71539\/wp-json\/wp\/v2\/users\/1"}],"replies":[{"embeddable":true,"href":"https:\/\/wpinitiate.com\/echo-test\/demo76e71539\/wp-json\/wp\/v2\/comments?post=6931"}],"version-history":[{"count":0,"href":"https:\/\/wpinitiate.com\/echo-test\/demo76e71539\/wp-json\/wp\/v2\/posts\/6931\/revisions"}],"wp:featuredmedia":[{"embeddable":true,"href":"https:\/\/wpinitiate.com\/echo-test\/demo76e71539\/wp-json\/wp\/v2\/media\/6932"}],"wp:attachment":[{"href":"https:\/\/wpinitiate.com\/echo-test\/demo76e71539\/wp-json\/wp\/v2\/media?parent=6931"}],"wp:term":[{"taxonomy":"category","embeddable":true,"href":"https:\/\/wpinitiate.com\/echo-test\/demo76e71539\/wp-json\/wp\/v2\/categories?post=6931"},{"taxonomy":"post_tag","embeddable":true,"href":"https:\/\/wpinitiate.com\/echo-test\/demo76e71539\/wp-json\/wp\/v2\/tags?post=6931"}],"curies":[{"name":"wp","href":"https:\/\/api.w.org\/{rel}","templated":true}]}}