{"id":694,"date":"2024-06-04T01:11:15","date_gmt":"2024-06-04T01:11:15","guid":{"rendered":"https:\/\/wpinitiate.com\/echo-test\/demo76e71539\/2024\/06\/04\/immobilien-in-diesen-regionen-sind-die-mieten-2023-am-starksten-gestiegen\/"},"modified":"2024-06-04T01:11:15","modified_gmt":"2024-06-04T01:11:15","slug":"immobilien-in-diesen-regionen-sind-die-mieten-2023-am-starksten-gestiegen","status":"publish","type":"post","link":"https:\/\/wpinitiate.com\/echo-test\/demo76e71539\/2024\/06\/04\/immobilien-in-diesen-regionen-sind-die-mieten-2023-am-starksten-gestiegen\/","title":{"rendered":"Immobilien: In diesen Regionen sind die Mieten 2023 am st\u00e4rksten gestiegen"},"content":{"rendered":"<p>M\u00fcnchen, Berlin, Hamburg \u2013 f\u00fcr Mieter geh\u00f6ren diese Gro\u00dfst\u00e4dte nach wie vor zu den teuersten Gegenden Deutschlands. Im vergangenen Jahr haben die Mieten aber auch in schw\u00e4cher besiedelten Landkreisen kr\u00e4ftig angezogen.<\/p>\n","protected":false},"excerpt":{"rendered":"<p>M\u00fcnchen, Berlin, Hamburg \u2013 f\u00fcr Mieter geh\u00f6ren diese Gro\u00dfst\u00e4dte nach wie vor zu den teuersten Gegenden Deutschlands. Im vergangenen Jahr haben die Mieten aber auch in schw\u00e4cher besiedelten Landkreisen kr\u00e4ftig angezogen.<\/p>\n","protected":false},"author":1,"featured_media":695,"comment_status":"open","ping_status":"open","sticky":false,"template":"","format":"standard","meta":{"footnotes":""},"categories":[1],"tags":[],"class_list":["post-694","post","type-post","status-publish","format-standard","has-post-thumbnail","hentry","category-uncategorized"],"_links":{"self":[{"href":"https:\/\/wpinitiate.com\/echo-test\/demo76e71539\/wp-json\/wp\/v2\/posts\/694","targetHints":{"allow":["GET"]}}],"collection":[{"href":"https:\/\/wpinitiate.com\/echo-test\/demo76e71539\/wp-json\/wp\/v2\/posts"}],"about":[{"href":"https:\/\/wpinitiate.com\/echo-test\/demo76e71539\/wp-json\/wp\/v2\/types\/post"}],"author":[{"embeddable":true,"href":"https:\/\/wpinitiate.com\/echo-test\/demo76e71539\/wp-json\/wp\/v2\/users\/1"}],"replies":[{"embeddable":true,"href":"https:\/\/wpinitiate.com\/echo-test\/demo76e71539\/wp-json\/wp\/v2\/comments?post=694"}],"version-history":[{"count":0,"href":"https:\/\/wpinitiate.com\/echo-test\/demo76e71539\/wp-json\/wp\/v2\/posts\/694\/revisions"}],"wp:featuredmedia":[{"embeddable":true,"href":"https:\/\/wpinitiate.com\/echo-test\/demo76e71539\/wp-json\/wp\/v2\/media\/695"}],"wp:attachment":[{"href":"https:\/\/wpinitiate.com\/echo-test\/demo76e71539\/wp-json\/wp\/v2\/media?parent=694"}],"wp:term":[{"taxonomy":"category","embeddable":true,"href":"https:\/\/wpinitiate.com\/echo-test\/demo76e71539\/wp-json\/wp\/v2\/categories?post=694"},{"taxonomy":"post_tag","embeddable":true,"href":"https:\/\/wpinitiate.com\/echo-test\/demo76e71539\/wp-json\/wp\/v2\/tags?post=694"}],"curies":[{"name":"wp","href":"https:\/\/api.w.org\/{rel}","templated":true}]}}