{"id":6941,"date":"2025-04-23T08:03:43","date_gmt":"2025-04-23T08:03:43","guid":{"rendered":"https:\/\/wpinitiate.com\/echo-test\/demo76e71539\/2025\/04\/23\/karriere-ist-ein-sabbatical-fur-manager-noch-zeitgemas\/"},"modified":"2025-04-23T08:03:43","modified_gmt":"2025-04-23T08:03:43","slug":"karriere-ist-ein-sabbatical-fur-manager-noch-zeitgemas","status":"publish","type":"post","link":"https:\/\/wpinitiate.com\/echo-test\/demo76e71539\/2025\/04\/23\/karriere-ist-ein-sabbatical-fur-manager-noch-zeitgemas\/","title":{"rendered":"Karriere: Ist ein Sabbatical f\u00fcr Manager noch zeitgem\u00e4\u00df?"},"content":{"rendered":"<p>Ist ein Sabbatical noch zeitgem\u00e4\u00df? In vielen Unternehmen werden Freir\u00e4ume gerade verkleinert, Krisen lassen Manager um ihre Karriere f\u00fcrchten. Dennoch kann ein Sabbatical jetzt genau der richtige Schritt sein. Denn eine berufliche Auszeit ist f\u00fcr viele Menschen so einschneidend und lebensver\u00e4ndernd wie die Geburt eines Kindes.<\/p>\n","protected":false},"excerpt":{"rendered":"<p>Ist ein Sabbatical noch zeitgem\u00e4\u00df? In vielen Unternehmen werden Freir\u00e4ume gerade verkleinert, Krisen lassen Manager um ihre Karriere f\u00fcrchten. Dennoch kann ein Sabbatical jetzt genau der richtige Schritt sein. Denn eine berufliche Auszeit ist f\u00fcr viele Menschen so einschneidend und lebensver\u00e4ndernd wie die Geburt eines Kindes.<\/p>\n","protected":false},"author":1,"featured_media":6942,"comment_status":"open","ping_status":"open","sticky":false,"template":"","format":"standard","meta":{"footnotes":""},"categories":[1],"tags":[],"class_list":["post-6941","post","type-post","status-publish","format-standard","has-post-thumbnail","hentry","category-uncategorized"],"_links":{"self":[{"href":"https:\/\/wpinitiate.com\/echo-test\/demo76e71539\/wp-json\/wp\/v2\/posts\/6941","targetHints":{"allow":["GET"]}}],"collection":[{"href":"https:\/\/wpinitiate.com\/echo-test\/demo76e71539\/wp-json\/wp\/v2\/posts"}],"about":[{"href":"https:\/\/wpinitiate.com\/echo-test\/demo76e71539\/wp-json\/wp\/v2\/types\/post"}],"author":[{"embeddable":true,"href":"https:\/\/wpinitiate.com\/echo-test\/demo76e71539\/wp-json\/wp\/v2\/users\/1"}],"replies":[{"embeddable":true,"href":"https:\/\/wpinitiate.com\/echo-test\/demo76e71539\/wp-json\/wp\/v2\/comments?post=6941"}],"version-history":[{"count":0,"href":"https:\/\/wpinitiate.com\/echo-test\/demo76e71539\/wp-json\/wp\/v2\/posts\/6941\/revisions"}],"wp:featuredmedia":[{"embeddable":true,"href":"https:\/\/wpinitiate.com\/echo-test\/demo76e71539\/wp-json\/wp\/v2\/media\/6942"}],"wp:attachment":[{"href":"https:\/\/wpinitiate.com\/echo-test\/demo76e71539\/wp-json\/wp\/v2\/media?parent=6941"}],"wp:term":[{"taxonomy":"category","embeddable":true,"href":"https:\/\/wpinitiate.com\/echo-test\/demo76e71539\/wp-json\/wp\/v2\/categories?post=6941"},{"taxonomy":"post_tag","embeddable":true,"href":"https:\/\/wpinitiate.com\/echo-test\/demo76e71539\/wp-json\/wp\/v2\/tags?post=6941"}],"curies":[{"name":"wp","href":"https:\/\/api.w.org\/{rel}","templated":true}]}}