{"id":7063,"date":"2025-04-26T01:39:59","date_gmt":"2025-04-26T01:39:59","guid":{"rendered":"https:\/\/wpinitiate.com\/echo-test\/demo76e71539\/2025\/04\/26\/dieselaffare-staatsanwaltschaft-fordert-haft-fur-ex-vw-manager\/"},"modified":"2025-04-26T01:39:59","modified_gmt":"2025-04-26T01:39:59","slug":"dieselaffare-staatsanwaltschaft-fordert-haft-fur-ex-vw-manager","status":"publish","type":"post","link":"https:\/\/wpinitiate.com\/echo-test\/demo76e71539\/2025\/04\/26\/dieselaffare-staatsanwaltschaft-fordert-haft-fur-ex-vw-manager\/","title":{"rendered":"Dieselaff\u00e4re: Staatsanwaltschaft fordert Haft f\u00fcr Ex-VW-Manager"},"content":{"rendered":"<p>Dreieinhalb Jahre lang wurde vor dem Landgericht Braunschweig verhandelt, nun steht der Strafprozess gegen vier ehemalige F\u00fchrungskr\u00e4fte des Volkswagen-Konzerns wegen des Dieselskandals vor dem Abschluss. Die Staatsanwaltschaft hat mehrj\u00e4hrige Haftstrafen gefordert.<\/p>\n","protected":false},"excerpt":{"rendered":"<p>Dreieinhalb Jahre lang wurde vor dem Landgericht Braunschweig verhandelt, nun steht der Strafprozess gegen vier ehemalige F\u00fchrungskr\u00e4fte des Volkswagen-Konzerns wegen des Dieselskandals vor dem Abschluss. Die Staatsanwaltschaft hat mehrj\u00e4hrige Haftstrafen gefordert.<\/p>\n","protected":false},"author":1,"featured_media":7064,"comment_status":"open","ping_status":"open","sticky":false,"template":"","format":"standard","meta":{"footnotes":""},"categories":[1],"tags":[],"class_list":["post-7063","post","type-post","status-publish","format-standard","has-post-thumbnail","hentry","category-uncategorized"],"_links":{"self":[{"href":"https:\/\/wpinitiate.com\/echo-test\/demo76e71539\/wp-json\/wp\/v2\/posts\/7063","targetHints":{"allow":["GET"]}}],"collection":[{"href":"https:\/\/wpinitiate.com\/echo-test\/demo76e71539\/wp-json\/wp\/v2\/posts"}],"about":[{"href":"https:\/\/wpinitiate.com\/echo-test\/demo76e71539\/wp-json\/wp\/v2\/types\/post"}],"author":[{"embeddable":true,"href":"https:\/\/wpinitiate.com\/echo-test\/demo76e71539\/wp-json\/wp\/v2\/users\/1"}],"replies":[{"embeddable":true,"href":"https:\/\/wpinitiate.com\/echo-test\/demo76e71539\/wp-json\/wp\/v2\/comments?post=7063"}],"version-history":[{"count":0,"href":"https:\/\/wpinitiate.com\/echo-test\/demo76e71539\/wp-json\/wp\/v2\/posts\/7063\/revisions"}],"wp:featuredmedia":[{"embeddable":true,"href":"https:\/\/wpinitiate.com\/echo-test\/demo76e71539\/wp-json\/wp\/v2\/media\/7064"}],"wp:attachment":[{"href":"https:\/\/wpinitiate.com\/echo-test\/demo76e71539\/wp-json\/wp\/v2\/media?parent=7063"}],"wp:term":[{"taxonomy":"category","embeddable":true,"href":"https:\/\/wpinitiate.com\/echo-test\/demo76e71539\/wp-json\/wp\/v2\/categories?post=7063"},{"taxonomy":"post_tag","embeddable":true,"href":"https:\/\/wpinitiate.com\/echo-test\/demo76e71539\/wp-json\/wp\/v2\/tags?post=7063"}],"curies":[{"name":"wp","href":"https:\/\/api.w.org\/{rel}","templated":true}]}}