{"id":7075,"date":"2025-04-26T01:39:53","date_gmt":"2025-04-26T01:39:53","guid":{"rendered":"https:\/\/wpinitiate.com\/echo-test\/demo76e71539\/2025\/04\/26\/adidas-ex-mitarbeiterin-klagt-wegen-entlassung\/"},"modified":"2025-04-26T01:39:53","modified_gmt":"2025-04-26T01:39:53","slug":"adidas-ex-mitarbeiterin-klagt-wegen-entlassung","status":"publish","type":"post","link":"https:\/\/wpinitiate.com\/echo-test\/demo76e71539\/2025\/04\/26\/adidas-ex-mitarbeiterin-klagt-wegen-entlassung\/","title":{"rendered":"Adidas: Ex-Mitarbeiterin klagt wegen Entlassung"},"content":{"rendered":"<p>Eine Adidas-Mitarbeiterin in den USA beklagt rassistische und sexistische \u00c4u\u00dferungen im Unternehmen, doch anstelle von Konsequenzen erh\u00e4lt sie eigenen Angaben zufolge die K\u00fcndigung. Dagegen zieht sie nun vor Gericht.<\/p>\n","protected":false},"excerpt":{"rendered":"<p>Eine Adidas-Mitarbeiterin in den USA beklagt rassistische und sexistische \u00c4u\u00dferungen im Unternehmen, doch anstelle von Konsequenzen erh\u00e4lt sie eigenen Angaben zufolge die K\u00fcndigung. Dagegen zieht sie nun vor Gericht.<\/p>\n","protected":false},"author":1,"featured_media":7076,"comment_status":"open","ping_status":"open","sticky":false,"template":"","format":"standard","meta":{"footnotes":""},"categories":[1],"tags":[],"class_list":["post-7075","post","type-post","status-publish","format-standard","has-post-thumbnail","hentry","category-uncategorized"],"_links":{"self":[{"href":"https:\/\/wpinitiate.com\/echo-test\/demo76e71539\/wp-json\/wp\/v2\/posts\/7075","targetHints":{"allow":["GET"]}}],"collection":[{"href":"https:\/\/wpinitiate.com\/echo-test\/demo76e71539\/wp-json\/wp\/v2\/posts"}],"about":[{"href":"https:\/\/wpinitiate.com\/echo-test\/demo76e71539\/wp-json\/wp\/v2\/types\/post"}],"author":[{"embeddable":true,"href":"https:\/\/wpinitiate.com\/echo-test\/demo76e71539\/wp-json\/wp\/v2\/users\/1"}],"replies":[{"embeddable":true,"href":"https:\/\/wpinitiate.com\/echo-test\/demo76e71539\/wp-json\/wp\/v2\/comments?post=7075"}],"version-history":[{"count":0,"href":"https:\/\/wpinitiate.com\/echo-test\/demo76e71539\/wp-json\/wp\/v2\/posts\/7075\/revisions"}],"wp:featuredmedia":[{"embeddable":true,"href":"https:\/\/wpinitiate.com\/echo-test\/demo76e71539\/wp-json\/wp\/v2\/media\/7076"}],"wp:attachment":[{"href":"https:\/\/wpinitiate.com\/echo-test\/demo76e71539\/wp-json\/wp\/v2\/media?parent=7075"}],"wp:term":[{"taxonomy":"category","embeddable":true,"href":"https:\/\/wpinitiate.com\/echo-test\/demo76e71539\/wp-json\/wp\/v2\/categories?post=7075"},{"taxonomy":"post_tag","embeddable":true,"href":"https:\/\/wpinitiate.com\/echo-test\/demo76e71539\/wp-json\/wp\/v2\/tags?post=7075"}],"curies":[{"name":"wp","href":"https:\/\/api.w.org\/{rel}","templated":true}]}}