{"id":7469,"date":"2025-05-02T14:37:22","date_gmt":"2025-05-02T14:37:22","guid":{"rendered":"https:\/\/wpinitiate.com\/echo-test\/demo76e71539\/2025\/05\/02\/elon-musk-tesla-absatz-bricht-auch-im-april-in-vielen-europaischen-markten-ein\/"},"modified":"2025-05-02T14:37:22","modified_gmt":"2025-05-02T14:37:22","slug":"elon-musk-tesla-absatz-bricht-auch-im-april-in-vielen-europaischen-markten-ein","status":"publish","type":"post","link":"https:\/\/wpinitiate.com\/echo-test\/demo76e71539\/2025\/05\/02\/elon-musk-tesla-absatz-bricht-auch-im-april-in-vielen-europaischen-markten-ein\/","title":{"rendered":"Elon Musk: Tesla-Absatz bricht auch im April in vielen europ\u00e4ischen M\u00e4rkten ein"},"content":{"rendered":"<p>Es l\u00e4uft weiter schlecht f\u00fcr Tesla: Auch im April sind die Verk\u00e4ufe in wichtigen europ\u00e4ischen M\u00e4rkten massiv eingebrochen. Ebenfalls bemerkenswert: CEO Elon Musk hat etwa ein Drittel seiner Tesla-Aktien im Milliardenwert f\u00fcr private Kredite hinterlegt.<\/p>\n","protected":false},"excerpt":{"rendered":"<p>Es l\u00e4uft weiter schlecht f\u00fcr Tesla: Auch im April sind die Verk\u00e4ufe in wichtigen europ\u00e4ischen M\u00e4rkten massiv eingebrochen. Ebenfalls bemerkenswert: CEO Elon Musk hat etwa ein Drittel seiner Tesla-Aktien im Milliardenwert f\u00fcr private Kredite hinterlegt.<\/p>\n","protected":false},"author":1,"featured_media":7470,"comment_status":"open","ping_status":"open","sticky":false,"template":"","format":"standard","meta":{"footnotes":""},"categories":[1],"tags":[],"class_list":["post-7469","post","type-post","status-publish","format-standard","has-post-thumbnail","hentry","category-uncategorized"],"_links":{"self":[{"href":"https:\/\/wpinitiate.com\/echo-test\/demo76e71539\/wp-json\/wp\/v2\/posts\/7469","targetHints":{"allow":["GET"]}}],"collection":[{"href":"https:\/\/wpinitiate.com\/echo-test\/demo76e71539\/wp-json\/wp\/v2\/posts"}],"about":[{"href":"https:\/\/wpinitiate.com\/echo-test\/demo76e71539\/wp-json\/wp\/v2\/types\/post"}],"author":[{"embeddable":true,"href":"https:\/\/wpinitiate.com\/echo-test\/demo76e71539\/wp-json\/wp\/v2\/users\/1"}],"replies":[{"embeddable":true,"href":"https:\/\/wpinitiate.com\/echo-test\/demo76e71539\/wp-json\/wp\/v2\/comments?post=7469"}],"version-history":[{"count":0,"href":"https:\/\/wpinitiate.com\/echo-test\/demo76e71539\/wp-json\/wp\/v2\/posts\/7469\/revisions"}],"wp:featuredmedia":[{"embeddable":true,"href":"https:\/\/wpinitiate.com\/echo-test\/demo76e71539\/wp-json\/wp\/v2\/media\/7470"}],"wp:attachment":[{"href":"https:\/\/wpinitiate.com\/echo-test\/demo76e71539\/wp-json\/wp\/v2\/media?parent=7469"}],"wp:term":[{"taxonomy":"category","embeddable":true,"href":"https:\/\/wpinitiate.com\/echo-test\/demo76e71539\/wp-json\/wp\/v2\/categories?post=7469"},{"taxonomy":"post_tag","embeddable":true,"href":"https:\/\/wpinitiate.com\/echo-test\/demo76e71539\/wp-json\/wp\/v2\/tags?post=7469"}],"curies":[{"name":"wp","href":"https:\/\/api.w.org\/{rel}","templated":true}]}}