{"id":7971,"date":"2025-05-12T11:33:43","date_gmt":"2025-05-12T11:33:43","guid":{"rendered":"https:\/\/wpinitiate.com\/echo-test\/demo76e71539\/2025\/05\/12\/ford-sparpaket-lost-erstmals-streik-in-kolner-elektroauto-werk-aus\/"},"modified":"2025-05-12T11:33:43","modified_gmt":"2025-05-12T11:33:43","slug":"ford-sparpaket-lost-erstmals-streik-in-kolner-elektroauto-werk-aus","status":"publish","type":"post","link":"https:\/\/wpinitiate.com\/echo-test\/demo76e71539\/2025\/05\/12\/ford-sparpaket-lost-erstmals-streik-in-kolner-elektroauto-werk-aus\/","title":{"rendered":"Ford: Sparpaket l\u00f6st erstmals Streik in K\u00f6lner Elektroauto-Werk aus"},"content":{"rendered":"<p>Erst vor zwei Jahren hat Ford seinen K\u00f6lner Standort auf Elektroautos umgestellt. Doch die Erwartungen haben sich bislang nicht erf\u00fcllt. Ein Sparpaket f\u00fchrt nun zu einer drastischen Reaktion. Ab Mittwoch soll gestreikt werden.<\/p>\n","protected":false},"excerpt":{"rendered":"<p>Erst vor zwei Jahren hat Ford seinen K\u00f6lner Standort auf Elektroautos umgestellt. Doch die Erwartungen haben sich bislang nicht erf\u00fcllt. Ein Sparpaket f\u00fchrt nun zu einer drastischen Reaktion. Ab Mittwoch soll gestreikt werden.<\/p>\n","protected":false},"author":1,"featured_media":7972,"comment_status":"open","ping_status":"open","sticky":false,"template":"","format":"standard","meta":{"footnotes":""},"categories":[1],"tags":[],"class_list":["post-7971","post","type-post","status-publish","format-standard","has-post-thumbnail","hentry","category-uncategorized"],"_links":{"self":[{"href":"https:\/\/wpinitiate.com\/echo-test\/demo76e71539\/wp-json\/wp\/v2\/posts\/7971","targetHints":{"allow":["GET"]}}],"collection":[{"href":"https:\/\/wpinitiate.com\/echo-test\/demo76e71539\/wp-json\/wp\/v2\/posts"}],"about":[{"href":"https:\/\/wpinitiate.com\/echo-test\/demo76e71539\/wp-json\/wp\/v2\/types\/post"}],"author":[{"embeddable":true,"href":"https:\/\/wpinitiate.com\/echo-test\/demo76e71539\/wp-json\/wp\/v2\/users\/1"}],"replies":[{"embeddable":true,"href":"https:\/\/wpinitiate.com\/echo-test\/demo76e71539\/wp-json\/wp\/v2\/comments?post=7971"}],"version-history":[{"count":0,"href":"https:\/\/wpinitiate.com\/echo-test\/demo76e71539\/wp-json\/wp\/v2\/posts\/7971\/revisions"}],"wp:featuredmedia":[{"embeddable":true,"href":"https:\/\/wpinitiate.com\/echo-test\/demo76e71539\/wp-json\/wp\/v2\/media\/7972"}],"wp:attachment":[{"href":"https:\/\/wpinitiate.com\/echo-test\/demo76e71539\/wp-json\/wp\/v2\/media?parent=7971"}],"wp:term":[{"taxonomy":"category","embeddable":true,"href":"https:\/\/wpinitiate.com\/echo-test\/demo76e71539\/wp-json\/wp\/v2\/categories?post=7971"},{"taxonomy":"post_tag","embeddable":true,"href":"https:\/\/wpinitiate.com\/echo-test\/demo76e71539\/wp-json\/wp\/v2\/tags?post=7971"}],"curies":[{"name":"wp","href":"https:\/\/api.w.org\/{rel}","templated":true}]}}