{"id":8043,"date":"2025-05-13T14:37:28","date_gmt":"2025-05-13T14:37:28","guid":{"rendered":"https:\/\/wpinitiate.com\/echo-test\/demo76e71539\/2025\/05\/13\/lufthansa-ex-chef-jurgen-weber-gestorben\/"},"modified":"2025-05-13T14:37:28","modified_gmt":"2025-05-13T14:37:28","slug":"lufthansa-ex-chef-jurgen-weber-gestorben","status":"publish","type":"post","link":"https:\/\/wpinitiate.com\/echo-test\/demo76e71539\/2025\/05\/13\/lufthansa-ex-chef-jurgen-weber-gestorben\/","title":{"rendered":"Lufthansa: Ex-Chef J\u00fcrgen Weber gestorben"},"content":{"rendered":"<p>Der fr\u00fchere Lufthansa-Chef J\u00fcrgen Weber ist mit 83 Jahren gestorben. Er formte aus dem tr\u00e4gen Staatsbetrieb den umsatzst\u00e4rksten Luftverkehrskonzern Europas. In der \u201eDeutschland AG\u201c war Weber bestens vernetzt \u2013 und kein Freund der Gewerkschaften.<\/p>\n","protected":false},"excerpt":{"rendered":"<p>Der fr\u00fchere Lufthansa-Chef J\u00fcrgen Weber ist mit 83 Jahren gestorben. Er formte aus dem tr\u00e4gen Staatsbetrieb den umsatzst\u00e4rksten Luftverkehrskonzern Europas. In der \u201eDeutschland AG\u201c war Weber bestens vernetzt \u2013 und kein Freund der Gewerkschaften.<\/p>\n","protected":false},"author":1,"featured_media":8044,"comment_status":"open","ping_status":"open","sticky":false,"template":"","format":"standard","meta":{"footnotes":""},"categories":[1],"tags":[],"class_list":["post-8043","post","type-post","status-publish","format-standard","has-post-thumbnail","hentry","category-uncategorized"],"_links":{"self":[{"href":"https:\/\/wpinitiate.com\/echo-test\/demo76e71539\/wp-json\/wp\/v2\/posts\/8043","targetHints":{"allow":["GET"]}}],"collection":[{"href":"https:\/\/wpinitiate.com\/echo-test\/demo76e71539\/wp-json\/wp\/v2\/posts"}],"about":[{"href":"https:\/\/wpinitiate.com\/echo-test\/demo76e71539\/wp-json\/wp\/v2\/types\/post"}],"author":[{"embeddable":true,"href":"https:\/\/wpinitiate.com\/echo-test\/demo76e71539\/wp-json\/wp\/v2\/users\/1"}],"replies":[{"embeddable":true,"href":"https:\/\/wpinitiate.com\/echo-test\/demo76e71539\/wp-json\/wp\/v2\/comments?post=8043"}],"version-history":[{"count":0,"href":"https:\/\/wpinitiate.com\/echo-test\/demo76e71539\/wp-json\/wp\/v2\/posts\/8043\/revisions"}],"wp:featuredmedia":[{"embeddable":true,"href":"https:\/\/wpinitiate.com\/echo-test\/demo76e71539\/wp-json\/wp\/v2\/media\/8044"}],"wp:attachment":[{"href":"https:\/\/wpinitiate.com\/echo-test\/demo76e71539\/wp-json\/wp\/v2\/media?parent=8043"}],"wp:term":[{"taxonomy":"category","embeddable":true,"href":"https:\/\/wpinitiate.com\/echo-test\/demo76e71539\/wp-json\/wp\/v2\/categories?post=8043"},{"taxonomy":"post_tag","embeddable":true,"href":"https:\/\/wpinitiate.com\/echo-test\/demo76e71539\/wp-json\/wp\/v2\/tags?post=8043"}],"curies":[{"name":"wp","href":"https:\/\/api.w.org\/{rel}","templated":true}]}}