{"id":8081,"date":"2025-05-14T07:35:22","date_gmt":"2025-05-14T07:35:22","guid":{"rendered":"https:\/\/wpinitiate.com\/echo-test\/demo76e71539\/2025\/05\/14\/ford-erster-streik-in-der-geschichte-der-kolner-werke-wegen-sparplanen\/"},"modified":"2025-05-14T07:35:22","modified_gmt":"2025-05-14T07:35:22","slug":"ford-erster-streik-in-der-geschichte-der-kolner-werke-wegen-sparplanen","status":"publish","type":"post","link":"https:\/\/wpinitiate.com\/echo-test\/demo76e71539\/2025\/05\/14\/ford-erster-streik-in-der-geschichte-der-kolner-werke-wegen-sparplanen\/","title":{"rendered":"Ford: Erster Streik in der Geschichte der K\u00f6lner Werke wegen Sparpl\u00e4nen"},"content":{"rendered":"<p>Erstmals in ihrer fast hundertj\u00e4hrigen Geschichte wird bei den K\u00f6lner Ford-Werken gestreikt. Die IG Metall fordert eine Korrektur der Sparpl\u00e4ne. Die Deutschlandtochter ist f\u00fcr den US-Mutterkonzern schon lange ein Verlustbringer.<\/p>\n","protected":false},"excerpt":{"rendered":"<p>Erstmals in ihrer fast hundertj\u00e4hrigen Geschichte wird bei den K\u00f6lner Ford-Werken gestreikt. Die IG Metall fordert eine Korrektur der Sparpl\u00e4ne. Die Deutschlandtochter ist f\u00fcr den US-Mutterkonzern schon lange ein Verlustbringer.<\/p>\n","protected":false},"author":1,"featured_media":8082,"comment_status":"open","ping_status":"open","sticky":false,"template":"","format":"standard","meta":{"footnotes":""},"categories":[1],"tags":[],"class_list":["post-8081","post","type-post","status-publish","format-standard","has-post-thumbnail","hentry","category-uncategorized"],"_links":{"self":[{"href":"https:\/\/wpinitiate.com\/echo-test\/demo76e71539\/wp-json\/wp\/v2\/posts\/8081","targetHints":{"allow":["GET"]}}],"collection":[{"href":"https:\/\/wpinitiate.com\/echo-test\/demo76e71539\/wp-json\/wp\/v2\/posts"}],"about":[{"href":"https:\/\/wpinitiate.com\/echo-test\/demo76e71539\/wp-json\/wp\/v2\/types\/post"}],"author":[{"embeddable":true,"href":"https:\/\/wpinitiate.com\/echo-test\/demo76e71539\/wp-json\/wp\/v2\/users\/1"}],"replies":[{"embeddable":true,"href":"https:\/\/wpinitiate.com\/echo-test\/demo76e71539\/wp-json\/wp\/v2\/comments?post=8081"}],"version-history":[{"count":0,"href":"https:\/\/wpinitiate.com\/echo-test\/demo76e71539\/wp-json\/wp\/v2\/posts\/8081\/revisions"}],"wp:featuredmedia":[{"embeddable":true,"href":"https:\/\/wpinitiate.com\/echo-test\/demo76e71539\/wp-json\/wp\/v2\/media\/8082"}],"wp:attachment":[{"href":"https:\/\/wpinitiate.com\/echo-test\/demo76e71539\/wp-json\/wp\/v2\/media?parent=8081"}],"wp:term":[{"taxonomy":"category","embeddable":true,"href":"https:\/\/wpinitiate.com\/echo-test\/demo76e71539\/wp-json\/wp\/v2\/categories?post=8081"},{"taxonomy":"post_tag","embeddable":true,"href":"https:\/\/wpinitiate.com\/echo-test\/demo76e71539\/wp-json\/wp\/v2\/tags?post=8081"}],"curies":[{"name":"wp","href":"https:\/\/api.w.org\/{rel}","templated":true}]}}