{"id":8563,"date":"2025-05-22T16:20:57","date_gmt":"2025-05-22T16:20:57","guid":{"rendered":"https:\/\/wpinitiate.com\/echo-test\/demo76e71539\/2025\/05\/22\/meinung-fachkraftemangel-sind-junge-menschen-zu-faul\/"},"modified":"2025-05-22T16:20:57","modified_gmt":"2025-05-22T16:20:57","slug":"meinung-fachkraftemangel-sind-junge-menschen-zu-faul","status":"publish","type":"post","link":"https:\/\/wpinitiate.com\/echo-test\/demo76e71539\/2025\/05\/22\/meinung-fachkraftemangel-sind-junge-menschen-zu-faul\/","title":{"rendered":"Meinung: Fachkr\u00e4ftemangel: Sind junge Menschen zu faul?"},"content":{"rendered":"<p>In Deutschland herrscht Arbeitskr\u00e4fteknappheit, die unsere Wachstumschancen tr\u00fcbt. Daf\u00fcr aber den (jungen) Menschen ein Mangel an Engagement vorzuwerfen, geht komplett am Problem vorbei.<\/p>\n","protected":false},"excerpt":{"rendered":"<p>In Deutschland herrscht Arbeitskr\u00e4fteknappheit, die unsere Wachstumschancen tr\u00fcbt. Daf\u00fcr aber den (jungen) Menschen ein Mangel an Engagement vorzuwerfen, geht komplett am Problem vorbei.<\/p>\n","protected":false},"author":1,"featured_media":8564,"comment_status":"open","ping_status":"open","sticky":false,"template":"","format":"standard","meta":{"footnotes":""},"categories":[1],"tags":[],"class_list":["post-8563","post","type-post","status-publish","format-standard","has-post-thumbnail","hentry","category-uncategorized"],"_links":{"self":[{"href":"https:\/\/wpinitiate.com\/echo-test\/demo76e71539\/wp-json\/wp\/v2\/posts\/8563","targetHints":{"allow":["GET"]}}],"collection":[{"href":"https:\/\/wpinitiate.com\/echo-test\/demo76e71539\/wp-json\/wp\/v2\/posts"}],"about":[{"href":"https:\/\/wpinitiate.com\/echo-test\/demo76e71539\/wp-json\/wp\/v2\/types\/post"}],"author":[{"embeddable":true,"href":"https:\/\/wpinitiate.com\/echo-test\/demo76e71539\/wp-json\/wp\/v2\/users\/1"}],"replies":[{"embeddable":true,"href":"https:\/\/wpinitiate.com\/echo-test\/demo76e71539\/wp-json\/wp\/v2\/comments?post=8563"}],"version-history":[{"count":0,"href":"https:\/\/wpinitiate.com\/echo-test\/demo76e71539\/wp-json\/wp\/v2\/posts\/8563\/revisions"}],"wp:featuredmedia":[{"embeddable":true,"href":"https:\/\/wpinitiate.com\/echo-test\/demo76e71539\/wp-json\/wp\/v2\/media\/8564"}],"wp:attachment":[{"href":"https:\/\/wpinitiate.com\/echo-test\/demo76e71539\/wp-json\/wp\/v2\/media?parent=8563"}],"wp:term":[{"taxonomy":"category","embeddable":true,"href":"https:\/\/wpinitiate.com\/echo-test\/demo76e71539\/wp-json\/wp\/v2\/categories?post=8563"},{"taxonomy":"post_tag","embeddable":true,"href":"https:\/\/wpinitiate.com\/echo-test\/demo76e71539\/wp-json\/wp\/v2\/tags?post=8563"}],"curies":[{"name":"wp","href":"https:\/\/api.w.org\/{rel}","templated":true}]}}