{"id":8685,"date":"2025-05-26T06:16:13","date_gmt":"2025-05-26T06:16:13","guid":{"rendered":"https:\/\/wpinitiate.com\/echo-test\/demo76e71539\/2025\/05\/26\/zollpolitik-donald-trump-verlangert-frist-fur-neue-eu-zolle-auf-den-9-juli\/"},"modified":"2025-05-26T06:16:13","modified_gmt":"2025-05-26T06:16:13","slug":"zollpolitik-donald-trump-verlangert-frist-fur-neue-eu-zolle-auf-den-9-juli","status":"publish","type":"post","link":"https:\/\/wpinitiate.com\/echo-test\/demo76e71539\/2025\/05\/26\/zollpolitik-donald-trump-verlangert-frist-fur-neue-eu-zolle-auf-den-9-juli\/","title":{"rendered":"Zollpolitik: Donald Trump verl\u00e4ngert Frist f\u00fcr neue EU-Z\u00f6lle auf den 9. Juli"},"content":{"rendered":"<p>Die geplanten Z\u00f6lle auf EU-Waren in H\u00f6he von 50 Prozent sollen erst ab 9. Juli gelten. Das sicherte US-Pr\u00e4sident Trump nach einem Telefonat mit Ursula von der Leyen zu. Die EU-Kommissionspr\u00e4sidentin will jetzt schnell Verhandlungen starten.<\/p>\n","protected":false},"excerpt":{"rendered":"<p>Die geplanten Z\u00f6lle auf EU-Waren in H\u00f6he von 50 Prozent sollen erst ab 9. Juli gelten. Das sicherte US-Pr\u00e4sident Trump nach einem Telefonat mit Ursula von der Leyen zu. Die EU-Kommissionspr\u00e4sidentin will jetzt schnell Verhandlungen starten.<\/p>\n","protected":false},"author":1,"featured_media":8686,"comment_status":"open","ping_status":"open","sticky":false,"template":"","format":"standard","meta":{"footnotes":""},"categories":[1],"tags":[],"class_list":["post-8685","post","type-post","status-publish","format-standard","has-post-thumbnail","hentry","category-uncategorized"],"_links":{"self":[{"href":"https:\/\/wpinitiate.com\/echo-test\/demo76e71539\/wp-json\/wp\/v2\/posts\/8685","targetHints":{"allow":["GET"]}}],"collection":[{"href":"https:\/\/wpinitiate.com\/echo-test\/demo76e71539\/wp-json\/wp\/v2\/posts"}],"about":[{"href":"https:\/\/wpinitiate.com\/echo-test\/demo76e71539\/wp-json\/wp\/v2\/types\/post"}],"author":[{"embeddable":true,"href":"https:\/\/wpinitiate.com\/echo-test\/demo76e71539\/wp-json\/wp\/v2\/users\/1"}],"replies":[{"embeddable":true,"href":"https:\/\/wpinitiate.com\/echo-test\/demo76e71539\/wp-json\/wp\/v2\/comments?post=8685"}],"version-history":[{"count":0,"href":"https:\/\/wpinitiate.com\/echo-test\/demo76e71539\/wp-json\/wp\/v2\/posts\/8685\/revisions"}],"wp:featuredmedia":[{"embeddable":true,"href":"https:\/\/wpinitiate.com\/echo-test\/demo76e71539\/wp-json\/wp\/v2\/media\/8686"}],"wp:attachment":[{"href":"https:\/\/wpinitiate.com\/echo-test\/demo76e71539\/wp-json\/wp\/v2\/media?parent=8685"}],"wp:term":[{"taxonomy":"category","embeddable":true,"href":"https:\/\/wpinitiate.com\/echo-test\/demo76e71539\/wp-json\/wp\/v2\/categories?post=8685"},{"taxonomy":"post_tag","embeddable":true,"href":"https:\/\/wpinitiate.com\/echo-test\/demo76e71539\/wp-json\/wp\/v2\/tags?post=8685"}],"curies":[{"name":"wp","href":"https:\/\/api.w.org\/{rel}","templated":true}]}}