{"id":8837,"date":"2025-05-28T17:21:55","date_gmt":"2025-05-28T17:21:55","guid":{"rendered":"https:\/\/wpinitiate.com\/echo-test\/demo76e71539\/2025\/05\/28\/prosiebensat-1-maria-kyriacou-wird-neue-aufsichtsratschefin-ihr-vorganger-geht-mit-einer-warnung\/"},"modified":"2025-05-28T17:21:55","modified_gmt":"2025-05-28T17:21:55","slug":"prosiebensat-1-maria-kyriacou-wird-neue-aufsichtsratschefin-ihr-vorganger-geht-mit-einer-warnung","status":"publish","type":"post","link":"https:\/\/wpinitiate.com\/echo-test\/demo76e71539\/2025\/05\/28\/prosiebensat-1-maria-kyriacou-wird-neue-aufsichtsratschefin-ihr-vorganger-geht-mit-einer-warnung\/","title":{"rendered":"ProSiebenSat.1: Maria Kyriacou wird neue Aufsichtsratschefin \u2013 ihr Vorg\u00e4nger geht mit einer Warnung"},"content":{"rendered":"<p>Personalwechsel im Aufsichtsrat von ProSiebenSat.1: Maria Kyriacou \u00fcbernimmt die Rolle der Chefaufseherin von Andreas Wiele. Zu seinem Abschied \u00e4u\u00dferte Wiele noch einmal Kritik an den streitenden Gro\u00dfaktion\u00e4ren des Fernsehkonzerns.<\/p>\n","protected":false},"excerpt":{"rendered":"<p>Personalwechsel im Aufsichtsrat von ProSiebenSat.1: Maria Kyriacou \u00fcbernimmt die Rolle der Chefaufseherin von Andreas Wiele. Zu seinem Abschied \u00e4u\u00dferte Wiele noch einmal Kritik an den streitenden Gro\u00dfaktion\u00e4ren des Fernsehkonzerns.<\/p>\n","protected":false},"author":1,"featured_media":8838,"comment_status":"open","ping_status":"open","sticky":false,"template":"","format":"standard","meta":{"footnotes":""},"categories":[1],"tags":[],"class_list":["post-8837","post","type-post","status-publish","format-standard","has-post-thumbnail","hentry","category-uncategorized"],"_links":{"self":[{"href":"https:\/\/wpinitiate.com\/echo-test\/demo76e71539\/wp-json\/wp\/v2\/posts\/8837","targetHints":{"allow":["GET"]}}],"collection":[{"href":"https:\/\/wpinitiate.com\/echo-test\/demo76e71539\/wp-json\/wp\/v2\/posts"}],"about":[{"href":"https:\/\/wpinitiate.com\/echo-test\/demo76e71539\/wp-json\/wp\/v2\/types\/post"}],"author":[{"embeddable":true,"href":"https:\/\/wpinitiate.com\/echo-test\/demo76e71539\/wp-json\/wp\/v2\/users\/1"}],"replies":[{"embeddable":true,"href":"https:\/\/wpinitiate.com\/echo-test\/demo76e71539\/wp-json\/wp\/v2\/comments?post=8837"}],"version-history":[{"count":0,"href":"https:\/\/wpinitiate.com\/echo-test\/demo76e71539\/wp-json\/wp\/v2\/posts\/8837\/revisions"}],"wp:featuredmedia":[{"embeddable":true,"href":"https:\/\/wpinitiate.com\/echo-test\/demo76e71539\/wp-json\/wp\/v2\/media\/8838"}],"wp:attachment":[{"href":"https:\/\/wpinitiate.com\/echo-test\/demo76e71539\/wp-json\/wp\/v2\/media?parent=8837"}],"wp:term":[{"taxonomy":"category","embeddable":true,"href":"https:\/\/wpinitiate.com\/echo-test\/demo76e71539\/wp-json\/wp\/v2\/categories?post=8837"},{"taxonomy":"post_tag","embeddable":true,"href":"https:\/\/wpinitiate.com\/echo-test\/demo76e71539\/wp-json\/wp\/v2\/tags?post=8837"}],"curies":[{"name":"wp","href":"https:\/\/api.w.org\/{rel}","templated":true}]}}