{"id":8847,"date":"2025-05-28T17:21:50","date_gmt":"2025-05-28T17:21:50","guid":{"rendered":"https:\/\/wpinitiate.com\/echo-test\/demo76e71539\/2025\/05\/28\/ezb-lagarde-erwog-laut-ft-kurzere-amtszeit-wegen-wechsel-zum-wef\/"},"modified":"2025-05-28T17:21:50","modified_gmt":"2025-05-28T17:21:50","slug":"ezb-lagarde-erwog-laut-ft-kurzere-amtszeit-wegen-wechsel-zum-wef","status":"publish","type":"post","link":"https:\/\/wpinitiate.com\/echo-test\/demo76e71539\/2025\/05\/28\/ezb-lagarde-erwog-laut-ft-kurzere-amtszeit-wegen-wechsel-zum-wef\/","title":{"rendered":"EZB: Lagarde erwog laut FT k\u00fcrzere Amtszeit wegen Wechsel zum WEF"},"content":{"rendered":"<p>Laut Klaus Schwab, Gr\u00fcnder des Weltwirtschaftsforums, sollte EZB-Pr\u00e4sidentin Christine Lagarde seine Nachfolgerin in Davos werden \u2013 und daf\u00fcr sogar ihre Amtszeit bei der Notenbank verk\u00fcrzen. Die EZB dementiert.<\/p>\n","protected":false},"excerpt":{"rendered":"<p>Laut Klaus Schwab, Gr\u00fcnder des Weltwirtschaftsforums, sollte EZB-Pr\u00e4sidentin Christine Lagarde seine Nachfolgerin in Davos werden \u2013 und daf\u00fcr sogar ihre Amtszeit bei der Notenbank verk\u00fcrzen. Die EZB dementiert.<\/p>\n","protected":false},"author":1,"featured_media":8848,"comment_status":"open","ping_status":"open","sticky":false,"template":"","format":"standard","meta":{"footnotes":""},"categories":[1],"tags":[],"class_list":["post-8847","post","type-post","status-publish","format-standard","has-post-thumbnail","hentry","category-uncategorized"],"_links":{"self":[{"href":"https:\/\/wpinitiate.com\/echo-test\/demo76e71539\/wp-json\/wp\/v2\/posts\/8847","targetHints":{"allow":["GET"]}}],"collection":[{"href":"https:\/\/wpinitiate.com\/echo-test\/demo76e71539\/wp-json\/wp\/v2\/posts"}],"about":[{"href":"https:\/\/wpinitiate.com\/echo-test\/demo76e71539\/wp-json\/wp\/v2\/types\/post"}],"author":[{"embeddable":true,"href":"https:\/\/wpinitiate.com\/echo-test\/demo76e71539\/wp-json\/wp\/v2\/users\/1"}],"replies":[{"embeddable":true,"href":"https:\/\/wpinitiate.com\/echo-test\/demo76e71539\/wp-json\/wp\/v2\/comments?post=8847"}],"version-history":[{"count":0,"href":"https:\/\/wpinitiate.com\/echo-test\/demo76e71539\/wp-json\/wp\/v2\/posts\/8847\/revisions"}],"wp:featuredmedia":[{"embeddable":true,"href":"https:\/\/wpinitiate.com\/echo-test\/demo76e71539\/wp-json\/wp\/v2\/media\/8848"}],"wp:attachment":[{"href":"https:\/\/wpinitiate.com\/echo-test\/demo76e71539\/wp-json\/wp\/v2\/media?parent=8847"}],"wp:term":[{"taxonomy":"category","embeddable":true,"href":"https:\/\/wpinitiate.com\/echo-test\/demo76e71539\/wp-json\/wp\/v2\/categories?post=8847"},{"taxonomy":"post_tag","embeddable":true,"href":"https:\/\/wpinitiate.com\/echo-test\/demo76e71539\/wp-json\/wp\/v2\/tags?post=8847"}],"curies":[{"name":"wp","href":"https:\/\/api.w.org\/{rel}","templated":true}]}}