{"id":8957,"date":"2025-05-30T12:32:42","date_gmt":"2025-05-30T12:32:42","guid":{"rendered":"https:\/\/wpinitiate.com\/echo-test\/demo76e71539\/2025\/05\/30\/gerry-weber-modehandler-schliest-alle-filialen-in-deutschland\/"},"modified":"2025-05-30T12:32:42","modified_gmt":"2025-05-30T12:32:42","slug":"gerry-weber-modehandler-schliest-alle-filialen-in-deutschland","status":"publish","type":"post","link":"https:\/\/wpinitiate.com\/echo-test\/demo76e71539\/2025\/05\/30\/gerry-weber-modehandler-schliest-alle-filialen-in-deutschland\/","title":{"rendered":"Gerry Weber: Modeh\u00e4ndler schlie\u00dft alle Filialen in Deutschland"},"content":{"rendered":"<p>Seit Jahren steckt Gerry Weber in der Krise. Nach der \u00dcbernahme durch ein spanisches Unternehmen schlie\u00dft der Modeh\u00e4ndler jetzt alle verbliebenen Filialen in Deutschland. Der Vertrieb soll k\u00fcnftig \u00fcber Handelspartner laufen.<\/p>\n","protected":false},"excerpt":{"rendered":"<p>Seit Jahren steckt Gerry Weber in der Krise. Nach der \u00dcbernahme durch ein spanisches Unternehmen schlie\u00dft der Modeh\u00e4ndler jetzt alle verbliebenen Filialen in Deutschland. Der Vertrieb soll k\u00fcnftig \u00fcber Handelspartner laufen.<\/p>\n","protected":false},"author":1,"featured_media":8958,"comment_status":"open","ping_status":"open","sticky":false,"template":"","format":"standard","meta":{"footnotes":""},"categories":[1],"tags":[],"class_list":["post-8957","post","type-post","status-publish","format-standard","has-post-thumbnail","hentry","category-uncategorized"],"_links":{"self":[{"href":"https:\/\/wpinitiate.com\/echo-test\/demo76e71539\/wp-json\/wp\/v2\/posts\/8957","targetHints":{"allow":["GET"]}}],"collection":[{"href":"https:\/\/wpinitiate.com\/echo-test\/demo76e71539\/wp-json\/wp\/v2\/posts"}],"about":[{"href":"https:\/\/wpinitiate.com\/echo-test\/demo76e71539\/wp-json\/wp\/v2\/types\/post"}],"author":[{"embeddable":true,"href":"https:\/\/wpinitiate.com\/echo-test\/demo76e71539\/wp-json\/wp\/v2\/users\/1"}],"replies":[{"embeddable":true,"href":"https:\/\/wpinitiate.com\/echo-test\/demo76e71539\/wp-json\/wp\/v2\/comments?post=8957"}],"version-history":[{"count":0,"href":"https:\/\/wpinitiate.com\/echo-test\/demo76e71539\/wp-json\/wp\/v2\/posts\/8957\/revisions"}],"wp:featuredmedia":[{"embeddable":true,"href":"https:\/\/wpinitiate.com\/echo-test\/demo76e71539\/wp-json\/wp\/v2\/media\/8958"}],"wp:attachment":[{"href":"https:\/\/wpinitiate.com\/echo-test\/demo76e71539\/wp-json\/wp\/v2\/media?parent=8957"}],"wp:term":[{"taxonomy":"category","embeddable":true,"href":"https:\/\/wpinitiate.com\/echo-test\/demo76e71539\/wp-json\/wp\/v2\/categories?post=8957"},{"taxonomy":"post_tag","embeddable":true,"href":"https:\/\/wpinitiate.com\/echo-test\/demo76e71539\/wp-json\/wp\/v2\/tags?post=8957"}],"curies":[{"name":"wp","href":"https:\/\/api.w.org\/{rel}","templated":true}]}}