{"id":9211,"date":"2025-06-05T06:10:26","date_gmt":"2025-06-05T06:10:26","guid":{"rendered":"https:\/\/wpinitiate.com\/echo-test\/demo76e71539\/2025\/06\/05\/automarkt-deutscher-automarkt-verzeichnet-im-mai-leichtes-plus\/"},"modified":"2025-06-05T06:10:26","modified_gmt":"2025-06-05T06:10:26","slug":"automarkt-deutscher-automarkt-verzeichnet-im-mai-leichtes-plus","status":"publish","type":"post","link":"https:\/\/wpinitiate.com\/echo-test\/demo76e71539\/2025\/06\/05\/automarkt-deutscher-automarkt-verzeichnet-im-mai-leichtes-plus\/","title":{"rendered":"Automarkt: Deutscher Automarkt verzeichnet im Mai leichtes Plus"},"content":{"rendered":"<p>Elektroautos verkauften sich in Deutschland im Mai erneut gut \u2013 au\u00dfer jene von Tesla. Mit der geplanten Elektrof\u00f6rderung aus Berlin d\u00fcrfte der Trend anhalten, wenngleich Lobbyisten wie Imelda Labb\u00e9 von der Politik noch mehr fordern.<\/p>\n","protected":false},"excerpt":{"rendered":"<p>Elektroautos verkauften sich in Deutschland im Mai erneut gut \u2013 au\u00dfer jene von Tesla. Mit der geplanten Elektrof\u00f6rderung aus Berlin d\u00fcrfte der Trend anhalten, wenngleich Lobbyisten wie Imelda Labb\u00e9 von der Politik noch mehr fordern.<\/p>\n","protected":false},"author":1,"featured_media":9212,"comment_status":"open","ping_status":"open","sticky":false,"template":"","format":"standard","meta":{"footnotes":""},"categories":[1],"tags":[],"class_list":["post-9211","post","type-post","status-publish","format-standard","has-post-thumbnail","hentry","category-uncategorized"],"_links":{"self":[{"href":"https:\/\/wpinitiate.com\/echo-test\/demo76e71539\/wp-json\/wp\/v2\/posts\/9211","targetHints":{"allow":["GET"]}}],"collection":[{"href":"https:\/\/wpinitiate.com\/echo-test\/demo76e71539\/wp-json\/wp\/v2\/posts"}],"about":[{"href":"https:\/\/wpinitiate.com\/echo-test\/demo76e71539\/wp-json\/wp\/v2\/types\/post"}],"author":[{"embeddable":true,"href":"https:\/\/wpinitiate.com\/echo-test\/demo76e71539\/wp-json\/wp\/v2\/users\/1"}],"replies":[{"embeddable":true,"href":"https:\/\/wpinitiate.com\/echo-test\/demo76e71539\/wp-json\/wp\/v2\/comments?post=9211"}],"version-history":[{"count":0,"href":"https:\/\/wpinitiate.com\/echo-test\/demo76e71539\/wp-json\/wp\/v2\/posts\/9211\/revisions"}],"wp:featuredmedia":[{"embeddable":true,"href":"https:\/\/wpinitiate.com\/echo-test\/demo76e71539\/wp-json\/wp\/v2\/media\/9212"}],"wp:attachment":[{"href":"https:\/\/wpinitiate.com\/echo-test\/demo76e71539\/wp-json\/wp\/v2\/media?parent=9211"}],"wp:term":[{"taxonomy":"category","embeddable":true,"href":"https:\/\/wpinitiate.com\/echo-test\/demo76e71539\/wp-json\/wp\/v2\/categories?post=9211"},{"taxonomy":"post_tag","embeddable":true,"href":"https:\/\/wpinitiate.com\/echo-test\/demo76e71539\/wp-json\/wp\/v2\/tags?post=9211"}],"curies":[{"name":"wp","href":"https:\/\/api.w.org\/{rel}","templated":true}]}}