{"id":9565,"date":"2025-06-12T05:30:02","date_gmt":"2025-06-12T05:30:02","guid":{"rendered":"https:\/\/wpinitiate.com\/echo-test\/demo76e71539\/2025\/06\/12\/m-designierter-ceo-der-neuen-lkw-allianz-karl-deppen-sie-scheitern-an-kulturellen-streitigkeiten\/"},"modified":"2025-06-12T05:30:02","modified_gmt":"2025-06-12T05:30:02","slug":"m-designierter-ceo-der-neuen-lkw-allianz-karl-deppen-sie-scheitern-an-kulturellen-streitigkeiten","status":"publish","type":"post","link":"https:\/\/wpinitiate.com\/echo-test\/demo76e71539\/2025\/06\/12\/m-designierter-ceo-der-neuen-lkw-allianz-karl-deppen-sie-scheitern-an-kulturellen-streitigkeiten\/","title":{"rendered":"(m+) Designierter CEO der neuen Lkw-Allianz Karl Deppen: \u201eSie scheitern an kulturellen Streitigkeiten\u201c"},"content":{"rendered":"<p>Daimler-Truck-Vorstand Karl Deppen wird die Lkw-Allianz von Hino und Fuso f\u00fchren. Der Deutsche erz\u00e4hlt dem manager magazin \u00fcber technische und kulturelle Herausforderungen \u2013 und dass Daimler und Toyota noch mindestens f\u00fcnf Jahre beteiligt bleiben.<\/p>\n","protected":false},"excerpt":{"rendered":"<p>Daimler-Truck-Vorstand Karl Deppen wird die Lkw-Allianz von Hino und Fuso f\u00fchren. Der Deutsche erz\u00e4hlt dem manager magazin \u00fcber technische und kulturelle Herausforderungen \u2013 und dass Daimler und Toyota noch mindestens f\u00fcnf Jahre beteiligt bleiben.<\/p>\n","protected":false},"author":1,"featured_media":9566,"comment_status":"open","ping_status":"open","sticky":false,"template":"","format":"standard","meta":{"footnotes":""},"categories":[1],"tags":[],"class_list":["post-9565","post","type-post","status-publish","format-standard","has-post-thumbnail","hentry","category-uncategorized"],"_links":{"self":[{"href":"https:\/\/wpinitiate.com\/echo-test\/demo76e71539\/wp-json\/wp\/v2\/posts\/9565","targetHints":{"allow":["GET"]}}],"collection":[{"href":"https:\/\/wpinitiate.com\/echo-test\/demo76e71539\/wp-json\/wp\/v2\/posts"}],"about":[{"href":"https:\/\/wpinitiate.com\/echo-test\/demo76e71539\/wp-json\/wp\/v2\/types\/post"}],"author":[{"embeddable":true,"href":"https:\/\/wpinitiate.com\/echo-test\/demo76e71539\/wp-json\/wp\/v2\/users\/1"}],"replies":[{"embeddable":true,"href":"https:\/\/wpinitiate.com\/echo-test\/demo76e71539\/wp-json\/wp\/v2\/comments?post=9565"}],"version-history":[{"count":0,"href":"https:\/\/wpinitiate.com\/echo-test\/demo76e71539\/wp-json\/wp\/v2\/posts\/9565\/revisions"}],"wp:featuredmedia":[{"embeddable":true,"href":"https:\/\/wpinitiate.com\/echo-test\/demo76e71539\/wp-json\/wp\/v2\/media\/9566"}],"wp:attachment":[{"href":"https:\/\/wpinitiate.com\/echo-test\/demo76e71539\/wp-json\/wp\/v2\/media?parent=9565"}],"wp:term":[{"taxonomy":"category","embeddable":true,"href":"https:\/\/wpinitiate.com\/echo-test\/demo76e71539\/wp-json\/wp\/v2\/categories?post=9565"},{"taxonomy":"post_tag","embeddable":true,"href":"https:\/\/wpinitiate.com\/echo-test\/demo76e71539\/wp-json\/wp\/v2\/tags?post=9565"}],"curies":[{"name":"wp","href":"https:\/\/api.w.org\/{rel}","templated":true}]}}