{"id":9675,"date":"2025-06-15T00:32:50","date_gmt":"2025-06-15T00:32:50","guid":{"rendered":"https:\/\/wpinitiate.com\/echo-test\/demo76e71539\/2025\/06\/15\/aston-villa-reignite-interest-in-this-sevilla-defender-why-emery-must-make-the-call\/"},"modified":"2025-06-15T00:32:50","modified_gmt":"2025-06-15T00:32:50","slug":"aston-villa-reignite-interest-in-this-sevilla-defender-why-emery-must-make-the-call","status":"publish","type":"post","link":"https:\/\/wpinitiate.com\/echo-test\/demo76e71539\/2025\/06\/15\/aston-villa-reignite-interest-in-this-sevilla-defender-why-emery-must-make-the-call\/","title":{"rendered":"Aston Villa Reignite Interest In This Sevilla Defender: Why Emery Must Make The Call?"},"content":{"rendered":"<div>\n<p>According to reports from Sevilla (via <a href=\"https:\/\/x.com\/Orgullo_Nervion\/status\/1933589424664703062\">Orgullo de Nervion<\/a>), Aston Villa continue to prioritise a move for Loic Bade, who is now open to experiencing a new challenge just over four months since rejecting the Villans. But they are not alone in the hunt, with Bayer Leverkusen also considering a summer swoop for the French centre-back.<\/p>\n<p>The 25-year-old Sevilla ace made his senior international debut recently against Germany in the UEFA Nations League finals third-place play-off. He represented his nation last year in the Olympics, and despite Los Nervionenses\u2019 catastrophic 17th-placed finish, Bade emerged as one of the prominent names for his resolute defending.<\/p>\n<p>The Les Bleus star has been a journeyman so far, having spent his youth years with Antony Sports, Boulogne-Billancourt, Paris FC and Le Havre, respectively. After a spell for their reserves in the fourth tier, he eventually broke into Le Havre\u2019s senior squad in 2020.<\/p>\n<p>However, the defender decided not to extend his stay and instead joined top-flight outfit Lens in the summer on a Bosman. Rennes splashed \u20ac17m to tie him down a year later, but the lack of gametime, along with a failed loan stint at Nottingham Forest, led to a cut-price transfer to Sevilla.<\/p>\n<figure id=\"attachment_325609\" aria-describedby=\"caption-attachment-325609\"><img loading=\"lazy\" decoding=\"async\" src=\"https:\/\/the4thofficial.net\/wp-content\/uploads\/2025\/06\/real-betis-balompie-v-sevilla-fc-la-liga-ea-sports-scaled.jpg\" alt=\"Aston Villa target Loic Bade in action against Real Betis\" width=\"2560\" height=\"1693\"  ><figcaption id=\"caption-attachment-325609\">SEVILLE, SPAIN \u2013 MARCH 30: Pablo Fornals of Real Betis attempts to control the ball whilst under pressure from Loic Bade and Oerjan Nyland of Sevilla FC during the LaLiga match between Real Betis Balompie and Sevilla FC at Estadio Benito Villamarin on March 30, 2025, in Seville, Spain. (Photo by Fran Santiago\/Getty Images)As<\/figcaption><\/figure>\n<p>While he made no appearance for Forest, Bade revived his career upon joining the Spanish giants on loan in the second half of the 2022-23 season. They made the move permanent for \u20ac12m, and the Frenchman has since cemented a regular role in the heart of the backline.<\/p>\n<h3><strong>Why Aston Villa Must Find A Way To Snap Up Bade<\/strong><\/h3>\n<p>A controversial final gameweek defeat against Manchester United has denied <a href=\"https:\/\/the4thofficial.net\/category\/leagues\/english-premier-league\/aston-villa\/\">Aston Villa<\/a> a Champions League berth. The club are under security for <a href=\"https:\/\/www.birminghammail.co.uk\/sport\/football\/football-news\/aston-villa-psr-uefa-sanctions-31793920\">breaching<\/a> PSR, and therefore, must be smart and shrewd in terms of summer business to comply with the regulations. A few high-profile exits could free up some funds, and the club might reignite interest in their winter target, with Axel Disasi unlikely to return to Villa Park after an underwhelming six-month loan from Chelsea.<\/p>\n<p>Unai Emery and Monchi, who enjoyed success at Sevilla as manager and sporting director, are expected to range over their familiar territory. Signing Bade won\u2019t be cheap, considering his current deal at Ram\u00f3n S\u00e1nchez Pizju\u00e1n Stadium is set to expire in June 2029.<\/p>\n<p>Yet, the Villans must not give up the chase as they need reinforcements in deep defence amid Tyrone Mings\u2019 persistent injury problems. They are highly reliant on Ezri Konsa and Pau Torres, and an unfinished business in the Premier League could see Bade opt for the English game.<\/p>\n<\/p><\/div>\n","protected":false},"excerpt":{"rendered":"<p>According to reports from Sevilla (via Orgullo de Nervion), Aston Villa continue to prioritise a move for Loic Bade, who is now open to experiencing a new challenge just over four months since rejecting the Villans. But they are not alone in the hunt, with Bayer Leverkusen also considering a summer swoop for the French [&hellip;]<\/p>\n","protected":false},"author":12953,"featured_media":0,"comment_status":"open","ping_status":"open","sticky":false,"template":"","format":"standard","meta":{"footnotes":""},"categories":[1],"tags":[],"class_list":["post-9675","post","type-post","status-publish","format-standard","hentry","category-uncategorized"],"_links":{"self":[{"href":"https:\/\/wpinitiate.com\/echo-test\/demo76e71539\/wp-json\/wp\/v2\/posts\/9675","targetHints":{"allow":["GET"]}}],"collection":[{"href":"https:\/\/wpinitiate.com\/echo-test\/demo76e71539\/wp-json\/wp\/v2\/posts"}],"about":[{"href":"https:\/\/wpinitiate.com\/echo-test\/demo76e71539\/wp-json\/wp\/v2\/types\/post"}],"author":[{"embeddable":true,"href":"https:\/\/wpinitiate.com\/echo-test\/demo76e71539\/wp-json\/wp\/v2\/users\/12953"}],"replies":[{"embeddable":true,"href":"https:\/\/wpinitiate.com\/echo-test\/demo76e71539\/wp-json\/wp\/v2\/comments?post=9675"}],"version-history":[{"count":0,"href":"https:\/\/wpinitiate.com\/echo-test\/demo76e71539\/wp-json\/wp\/v2\/posts\/9675\/revisions"}],"wp:attachment":[{"href":"https:\/\/wpinitiate.com\/echo-test\/demo76e71539\/wp-json\/wp\/v2\/media?parent=9675"}],"wp:term":[{"taxonomy":"category","embeddable":true,"href":"https:\/\/wpinitiate.com\/echo-test\/demo76e71539\/wp-json\/wp\/v2\/categories?post=9675"},{"taxonomy":"post_tag","embeddable":true,"href":"https:\/\/wpinitiate.com\/echo-test\/demo76e71539\/wp-json\/wp\/v2\/tags?post=9675"}],"curies":[{"name":"wp","href":"https:\/\/api.w.org\/{rel}","templated":true}]}}