{"id":9831,"date":"2025-06-18T13:55:28","date_gmt":"2025-06-18T13:55:28","guid":{"rendered":"https:\/\/wpinitiate.com\/echo-test\/demo76e71539\/2025\/06\/18\/umweltverschmutzung-in-schweden-mullkonigin-zu-sechs-jahren-haft-verurteilt\/"},"modified":"2025-06-18T13:55:28","modified_gmt":"2025-06-18T13:55:28","slug":"umweltverschmutzung-in-schweden-mullkonigin-zu-sechs-jahren-haft-verurteilt","status":"publish","type":"post","link":"https:\/\/wpinitiate.com\/echo-test\/demo76e71539\/2025\/06\/18\/umweltverschmutzung-in-schweden-mullkonigin-zu-sechs-jahren-haft-verurteilt\/","title":{"rendered":"Umweltverschmutzung in Schweden: \u201eM\u00fcllk\u00f6nigin\u201c zu sechs Jahren Haft verurteilt"},"content":{"rendered":"<p>Im gr\u00f6\u00dften Umweltskandal Schwedens wurde \u201eM\u00fcllk\u00f6nigin\u201c Fariba Vancor zu sechs Jahren Haft verurteilt. Sie und andere lagerten illegal Abf\u00e4lle in pinkfarbenen M\u00fclls\u00e4cken \u2013 mit teils gravierenden Folgen f\u00fcr Umwelt und Gesundheit.<\/p>\n","protected":false},"excerpt":{"rendered":"<p>Im gr\u00f6\u00dften Umweltskandal Schwedens wurde \u201eM\u00fcllk\u00f6nigin\u201c Fariba Vancor zu sechs Jahren Haft verurteilt. Sie und andere lagerten illegal Abf\u00e4lle in pinkfarbenen M\u00fclls\u00e4cken \u2013 mit teils gravierenden Folgen f\u00fcr Umwelt und Gesundheit.<\/p>\n","protected":false},"author":1,"featured_media":9832,"comment_status":"open","ping_status":"open","sticky":false,"template":"","format":"standard","meta":{"footnotes":""},"categories":[1],"tags":[],"class_list":["post-9831","post","type-post","status-publish","format-standard","has-post-thumbnail","hentry","category-uncategorized"],"_links":{"self":[{"href":"https:\/\/wpinitiate.com\/echo-test\/demo76e71539\/wp-json\/wp\/v2\/posts\/9831","targetHints":{"allow":["GET"]}}],"collection":[{"href":"https:\/\/wpinitiate.com\/echo-test\/demo76e71539\/wp-json\/wp\/v2\/posts"}],"about":[{"href":"https:\/\/wpinitiate.com\/echo-test\/demo76e71539\/wp-json\/wp\/v2\/types\/post"}],"author":[{"embeddable":true,"href":"https:\/\/wpinitiate.com\/echo-test\/demo76e71539\/wp-json\/wp\/v2\/users\/1"}],"replies":[{"embeddable":true,"href":"https:\/\/wpinitiate.com\/echo-test\/demo76e71539\/wp-json\/wp\/v2\/comments?post=9831"}],"version-history":[{"count":0,"href":"https:\/\/wpinitiate.com\/echo-test\/demo76e71539\/wp-json\/wp\/v2\/posts\/9831\/revisions"}],"wp:featuredmedia":[{"embeddable":true,"href":"https:\/\/wpinitiate.com\/echo-test\/demo76e71539\/wp-json\/wp\/v2\/media\/9832"}],"wp:attachment":[{"href":"https:\/\/wpinitiate.com\/echo-test\/demo76e71539\/wp-json\/wp\/v2\/media?parent=9831"}],"wp:term":[{"taxonomy":"category","embeddable":true,"href":"https:\/\/wpinitiate.com\/echo-test\/demo76e71539\/wp-json\/wp\/v2\/categories?post=9831"},{"taxonomy":"post_tag","embeddable":true,"href":"https:\/\/wpinitiate.com\/echo-test\/demo76e71539\/wp-json\/wp\/v2\/tags?post=9831"}],"curies":[{"name":"wp","href":"https:\/\/api.w.org\/{rel}","templated":true}]}}