{"id":9877,"date":"2025-06-19T08:27:04","date_gmt":"2025-06-19T08:27:04","guid":{"rendered":"https:\/\/wpinitiate.com\/echo-test\/demo76e71539\/2025\/06\/19\/m-douglas-marketingchefin-verlasst-parfumeriekette\/"},"modified":"2025-06-19T08:27:04","modified_gmt":"2025-06-19T08:27:04","slug":"m-douglas-marketingchefin-verlasst-parfumeriekette","status":"publish","type":"post","link":"https:\/\/wpinitiate.com\/echo-test\/demo76e71539\/2025\/06\/19\/m-douglas-marketingchefin-verlasst-parfumeriekette\/","title":{"rendered":"(m+) Douglas: Marketingchefin verl\u00e4sst Parf\u00fcmeriekette"},"content":{"rendered":"<p>Marketingchefin Anke Menkhorst wird Douglas verlassen. Damit setzt sich der Aderlass an weiblichen F\u00fchrungskr\u00e4ften bei Europas gr\u00f6\u00dftem Parf\u00fcmerieh\u00e4ndler fort. F\u00fcr Menkhorst kommt ein Mann.<\/p>\n","protected":false},"excerpt":{"rendered":"<p>Marketingchefin Anke Menkhorst wird Douglas verlassen. Damit setzt sich der Aderlass an weiblichen F\u00fchrungskr\u00e4ften bei Europas gr\u00f6\u00dftem Parf\u00fcmerieh\u00e4ndler fort. F\u00fcr Menkhorst kommt ein Mann.<\/p>\n","protected":false},"author":1,"featured_media":9878,"comment_status":"open","ping_status":"open","sticky":false,"template":"","format":"standard","meta":{"footnotes":""},"categories":[1],"tags":[],"class_list":["post-9877","post","type-post","status-publish","format-standard","has-post-thumbnail","hentry","category-uncategorized"],"_links":{"self":[{"href":"https:\/\/wpinitiate.com\/echo-test\/demo76e71539\/wp-json\/wp\/v2\/posts\/9877","targetHints":{"allow":["GET"]}}],"collection":[{"href":"https:\/\/wpinitiate.com\/echo-test\/demo76e71539\/wp-json\/wp\/v2\/posts"}],"about":[{"href":"https:\/\/wpinitiate.com\/echo-test\/demo76e71539\/wp-json\/wp\/v2\/types\/post"}],"author":[{"embeddable":true,"href":"https:\/\/wpinitiate.com\/echo-test\/demo76e71539\/wp-json\/wp\/v2\/users\/1"}],"replies":[{"embeddable":true,"href":"https:\/\/wpinitiate.com\/echo-test\/demo76e71539\/wp-json\/wp\/v2\/comments?post=9877"}],"version-history":[{"count":0,"href":"https:\/\/wpinitiate.com\/echo-test\/demo76e71539\/wp-json\/wp\/v2\/posts\/9877\/revisions"}],"wp:featuredmedia":[{"embeddable":true,"href":"https:\/\/wpinitiate.com\/echo-test\/demo76e71539\/wp-json\/wp\/v2\/media\/9878"}],"wp:attachment":[{"href":"https:\/\/wpinitiate.com\/echo-test\/demo76e71539\/wp-json\/wp\/v2\/media?parent=9877"}],"wp:term":[{"taxonomy":"category","embeddable":true,"href":"https:\/\/wpinitiate.com\/echo-test\/demo76e71539\/wp-json\/wp\/v2\/categories?post=9877"},{"taxonomy":"post_tag","embeddable":true,"href":"https:\/\/wpinitiate.com\/echo-test\/demo76e71539\/wp-json\/wp\/v2\/tags?post=9877"}],"curies":[{"name":"wp","href":"https:\/\/api.w.org\/{rel}","templated":true}]}}