{"id":12001,"date":"2020-10-12T13:01:32","date_gmt":"2020-10-12T13:01:32","guid":{"rendered":"https:\/\/wpinitiate.com\/index.php\/2020\/10\/12\/made-in-iceland\/"},"modified":"2020-10-12T13:01:32","modified_gmt":"2020-10-12T13:01:32","slug":"made-in-iceland","status":"publish","type":"post","link":"https:\/\/wpinitiate.com\/index.php\/2020\/10\/12\/made-in-iceland\/","title":{"rendered":"Made In Iceland"},"content":{"rendered":"<p><iframe loading=\"lazy\" width=\"580\" height=\"380\" src=\"https:\/\/player.vimeo.com\/video\/69593757?color=00adef\" frameborder=\"0\" webkitallowfullscreen mozallowfullscreen allowfullscreen><\/iframe><br \/>This short film was shot during May and June of 2013 in Iceland. The trip was how I celebrated my college graduation and my one year anniversary of buying a camera. I lived in my car for four weeks, driving as it rained and shooting when the weather permitted. Almost all of the shots were taken between 10:30pm and 4:30am as the Midnight Sun glowed golden and pink. In total, I shot roughly 40k pictures and drove about 3000 miles. Iceland is a breathtaking country and there were so many places I failed to capture but remain a humbling part of my trip.<\/p>\n<p>&#8220;There is something about doing this sort of stuff that just makes you want to keep coming back for more and more. Maybe it&#8217;s the experience of being out there at one with the incredible beauty of this landscape. Maybe it&#8217;s the challenge of capturing it in the camera in the way that you witnessed it. Maybe it&#8217;s the excitement of seeing just what you got when you finally render it all out. Maybe it&#8217;s the satisfaction you get out of showing this to other people. Most probably it&#8217;s a combination of all these things.&#8221; -Bevan Percival<\/p>\n<p>Find me on facebook: <a href=\"https:\/\/www.facebook.com\/JulianTrybaPhoto\" target=\"_blank\" rel=\"noopener noreferrer\">https:\/\/www.facebook.com\/JulianTrybaPhoto<\/a><\/p>\n<p>Equipment:<br \/>\nCanon 7D<br \/>\nTokina 11-16mm<br \/>\nCanon 70-300mm<br \/>\nB+W 1000x ND filter<\/p>\n<p>Music: Sigur R\u00f3s-Flj\u00f3tav\u00edk<\/p>\n<p>I&#8217;d like to thank Joe Capra, your work (The Midnight Sun) inspired me to get a camera and travel to Iceland.<\/p>\n","protected":false},"excerpt":{"rendered":"<p>This short film was shot during May and June of 2013 in Iceland. The trip was how I celebrated my college graduation and my one year anniversary of buying a camera. I lived in my car for four weeks, driving as it rained and shooting when the weather permitted. Almost all of the shots were [&hellip;]<\/p>\n","protected":false},"author":1,"featured_media":12002,"comment_status":"open","ping_status":"open","sticky":false,"template":"","format":"standard","meta":{"footnotes":""},"categories":[1],"tags":[],"class_list":["post-12001","post","type-post","status-publish","format-standard","has-post-thumbnail","hentry","category-wp"],"aioseo_notices":[],"_links":{"self":[{"href":"https:\/\/wpinitiate.com\/index.php\/wp-json\/wp\/v2\/posts\/12001","targetHints":{"allow":["GET"]}}],"collection":[{"href":"https:\/\/wpinitiate.com\/index.php\/wp-json\/wp\/v2\/posts"}],"about":[{"href":"https:\/\/wpinitiate.com\/index.php\/wp-json\/wp\/v2\/types\/post"}],"author":[{"embeddable":true,"href":"https:\/\/wpinitiate.com\/index.php\/wp-json\/wp\/v2\/users\/1"}],"replies":[{"embeddable":true,"href":"https:\/\/wpinitiate.com\/index.php\/wp-json\/wp\/v2\/comments?post=12001"}],"version-history":[{"count":0,"href":"https:\/\/wpinitiate.com\/index.php\/wp-json\/wp\/v2\/posts\/12001\/revisions"}],"wp:featuredmedia":[{"embeddable":true,"href":"https:\/\/wpinitiate.com\/index.php\/wp-json\/wp\/v2\/media\/12002"}],"wp:attachment":[{"href":"https:\/\/wpinitiate.com\/index.php\/wp-json\/wp\/v2\/media?parent=12001"}],"wp:term":[{"taxonomy":"category","embeddable":true,"href":"https:\/\/wpinitiate.com\/index.php\/wp-json\/wp\/v2\/categories?post=12001"},{"taxonomy":"post_tag","embeddable":true,"href":"https:\/\/wpinitiate.com\/index.php\/wp-json\/wp\/v2\/tags?post=12001"}],"curies":[{"name":"wp","href":"https:\/\/api.w.org\/{rel}","templated":true}]}}