{"id":5656,"date":"2018-06-25T01:30:58","date_gmt":"2018-06-25T01:30:58","guid":{"rendered":"http:\/\/wpinitiate.com\/index.php\/2018\/06\/25\/curso-de-wordpress-desde-cero-tema-8-personalizar-la-portada\/"},"modified":"2018-06-25T01:30:58","modified_gmt":"2018-06-25T01:30:58","slug":"curso-de-wordpress-desde-cero-tema-8-personalizar-la-portada","status":"publish","type":"post","link":"https:\/\/wpinitiate.com\/index.php\/2018\/06\/25\/curso-de-wordpress-desde-cero-tema-8-personalizar-la-portada\/","title":{"rendered":"Curso de WordPress desde cero. Tema 8: Personalizar la portada"},"content":{"rendered":"<p><iframe loading=\"lazy\" width=\"580\" height=\"380\" src=\"https:\/\/www.dailymotion.com\/embed\/video\/x6haoxn?ui-highlight=ffcc33\" frameborder=\"0\" webkitallowfullscreen mozallowfullscreen allowfullscreen><\/iframe><br \/>En esta clase veremos las posibilidades de configuraci\u00f3n de la portada (p\u00e1gina principal) en funci\u00f3n del tema o plantilla que hemos elegido. <\/p>\n<p>Puedes seguirme en: <\/p>\n<p>&#8211; Mi blog: <a href=\"https:\/\/www.gestionatuweb.net\/blog\/\" target=\"_blank\">https:\/\/www.gestionatuweb.net\/blog\/<\/a> <br \/>&#8211; Mis cursos: <a href=\"https:\/\/www.gestionatuweb.net\/academia-gestiona\/\" target=\"_blank\">https:\/\/www.gestionatuweb.net\/academia-gestiona\/<\/a> <br \/>&#8211; Facebook: <a href=\"https:\/\/www.facebook.com\/gestionatuweb.net\/\" target=\"_blank\">https:\/\/www.facebook.com\/gestionatuweb.net\/<\/a> <br \/>&#8211; Twitter: @gestionatuweb_ y @danisanchez82 <br \/>&#8211; Linkedin: <a href=\"https:\/\/www.linkedin.com\/in\/dani-s%\" target=\"_blank\">https:\/\/www.linkedin.com\/in\/dani-s%<\/a>C3%A1nchez-romero-a5b3b649\/<\/p>\n","protected":false},"excerpt":{"rendered":"<p>En esta clase veremos las posibilidades de configuraci\u00f3n de la portada (p\u00e1gina principal) en funci\u00f3n del tema o plantilla que hemos elegido. Puedes seguirme en: &#8211; Mi blog: https:\/\/www.gestionatuweb.net\/blog\/ &#8211; Mis cursos: https:\/\/www.gestionatuweb.net\/academia-gestiona\/ &#8211; Facebook: https:\/\/www.facebook.com\/gestionatuweb.net\/ &#8211; Twitter: @gestionatuweb_ y @danisanchez82 &#8211; Linkedin: https:\/\/www.linkedin.com\/in\/dani-s%C3%A1nchez-romero-a5b3b649\/<\/p>\n","protected":false},"author":1,"featured_media":5657,"comment_status":"open","ping_status":"open","sticky":false,"template":"","format":"standard","meta":{"footnotes":""},"categories":[1],"tags":[],"class_list":["post-5656","post","type-post","status-publish","format-standard","has-post-thumbnail","hentry","category-wp"],"aioseo_notices":[],"_links":{"self":[{"href":"https:\/\/wpinitiate.com\/index.php\/wp-json\/wp\/v2\/posts\/5656","targetHints":{"allow":["GET"]}}],"collection":[{"href":"https:\/\/wpinitiate.com\/index.php\/wp-json\/wp\/v2\/posts"}],"about":[{"href":"https:\/\/wpinitiate.com\/index.php\/wp-json\/wp\/v2\/types\/post"}],"author":[{"embeddable":true,"href":"https:\/\/wpinitiate.com\/index.php\/wp-json\/wp\/v2\/users\/1"}],"replies":[{"embeddable":true,"href":"https:\/\/wpinitiate.com\/index.php\/wp-json\/wp\/v2\/comments?post=5656"}],"version-history":[{"count":0,"href":"https:\/\/wpinitiate.com\/index.php\/wp-json\/wp\/v2\/posts\/5656\/revisions"}],"wp:featuredmedia":[{"embeddable":true,"href":"https:\/\/wpinitiate.com\/index.php\/wp-json\/wp\/v2\/media\/5657"}],"wp:attachment":[{"href":"https:\/\/wpinitiate.com\/index.php\/wp-json\/wp\/v2\/media?parent=5656"}],"wp:term":[{"taxonomy":"category","embeddable":true,"href":"https:\/\/wpinitiate.com\/index.php\/wp-json\/wp\/v2\/categories?post=5656"},{"taxonomy":"post_tag","embeddable":true,"href":"https:\/\/wpinitiate.com\/index.php\/wp-json\/wp\/v2\/tags?post=5656"}],"curies":[{"name":"wp","href":"https:\/\/api.w.org\/{rel}","templated":true}]}}