{"id":7362,"date":"2019-06-12T19:18:31","date_gmt":"2019-06-12T19:18:31","guid":{"rendered":"https:\/\/wpinitiate.com\/index.php\/2019\/06\/12\/fotografia-analogica-como-se-pone-un-carrete-tutorial\/"},"modified":"2019-06-12T19:18:31","modified_gmt":"2019-06-12T19:18:31","slug":"fotografia-analogica-como-se-pone-un-carrete-tutorial","status":"publish","type":"post","link":"https:\/\/wpinitiate.com\/index.php\/2019\/06\/12\/fotografia-analogica-como-se-pone-un-carrete-tutorial\/","title":{"rendered":"Fotograf\u00eda Anal\u00f3gica: \u00bfc\u00f3mo se pone un carrete? (tutorial)"},"content":{"rendered":"<p><iframe loading=\"lazy\" width=\"580\" height=\"380\" src=\"https:\/\/player.vimeo.com\/video\/36984480?color=00adef\" frameborder=\"0\" webkitallowfullscreen mozallowfullscreen allowfullscreen><\/iframe><br \/>Tutorial pr\u00e1ctico para aprender a colocar un carrete en una c\u00e1mara anal\u00f3gica.<\/p>\n<p>Directores: Carmen Cordero \/ Emiliano Blasco<br \/>\nC\u00e1mara: Canon 60D<br \/>\nObjetivo: 17-40 mm &#8211; f\/4<\/p>\n<p>M\u00e1s informaci\u00f3n y tutoriales de fotograf\u00eda en:<br \/>\nwww.fotografiaceu.wordpress.com<\/p>\n<p>*el proceso de compresi\u00f3n ha bajado significativamente la resoluci\u00f3n del video<br \/><a href=\"https:\/\/1.envato.market\/coderevolution\">Check out these cool WordPress plugins!<\/a> &#8211; CodeRevolution.<\/p>\n","protected":false},"excerpt":{"rendered":"<p>Tutorial pr\u00e1ctico para aprender a colocar un carrete en una c\u00e1mara anal\u00f3gica. Directores: Carmen Cordero \/ Emiliano Blasco C\u00e1mara: Canon 60D Objetivo: 17-40 mm &#8211; f\/4 M\u00e1s informaci\u00f3n y tutoriales de fotograf\u00eda en: www.fotografiaceu.wordpress.com *el proceso de compresi\u00f3n ha bajado significativamente la resoluci\u00f3n del videoCheck out these cool WordPress plugins! &#8211; CodeRevolution.<\/p>\n","protected":false},"author":1,"featured_media":7363,"comment_status":"open","ping_status":"open","sticky":false,"template":"","format":"standard","meta":{"footnotes":""},"categories":[1],"tags":[2770,2772,1697,2771,2769,313],"class_list":["post-7362","post","type-post","status-publish","format-standard","has-post-thumbnail","hentry","category-wp","tag-bajado","tag-carrete","tag-del","tag-fotografia-analogica","tag-significativamente","tag-tutorial"],"aioseo_notices":[],"_links":{"self":[{"href":"https:\/\/wpinitiate.com\/index.php\/wp-json\/wp\/v2\/posts\/7362","targetHints":{"allow":["GET"]}}],"collection":[{"href":"https:\/\/wpinitiate.com\/index.php\/wp-json\/wp\/v2\/posts"}],"about":[{"href":"https:\/\/wpinitiate.com\/index.php\/wp-json\/wp\/v2\/types\/post"}],"author":[{"embeddable":true,"href":"https:\/\/wpinitiate.com\/index.php\/wp-json\/wp\/v2\/users\/1"}],"replies":[{"embeddable":true,"href":"https:\/\/wpinitiate.com\/index.php\/wp-json\/wp\/v2\/comments?post=7362"}],"version-history":[{"count":0,"href":"https:\/\/wpinitiate.com\/index.php\/wp-json\/wp\/v2\/posts\/7362\/revisions"}],"wp:featuredmedia":[{"embeddable":true,"href":"https:\/\/wpinitiate.com\/index.php\/wp-json\/wp\/v2\/media\/7363"}],"wp:attachment":[{"href":"https:\/\/wpinitiate.com\/index.php\/wp-json\/wp\/v2\/media?parent=7362"}],"wp:term":[{"taxonomy":"category","embeddable":true,"href":"https:\/\/wpinitiate.com\/index.php\/wp-json\/wp\/v2\/categories?post=7362"},{"taxonomy":"post_tag","embeddable":true,"href":"https:\/\/wpinitiate.com\/index.php\/wp-json\/wp\/v2\/tags?post=7362"}],"curies":[{"name":"wp","href":"https:\/\/api.w.org\/{rel}","templated":true}]}}