{"id":18590,"date":"2025-11-01T17:49:47","date_gmt":"2025-11-01T17:49:47","guid":{"rendered":"https:\/\/wpinitiate.com\/youtubomatic-test\/demoa26f6b3a\/2025\/11\/01\/solaranlagen-auf-dem-acker-solar-acker\/"},"modified":"2025-11-01T17:49:47","modified_gmt":"2025-11-01T17:49:47","slug":"solaranlagen-auf-dem-acker-solar-acker","status":"publish","type":"post","link":"https:\/\/wpinitiate.com\/youtubomatic-test\/demoa26f6b3a\/2025\/11\/01\/solaranlagen-auf-dem-acker-solar-acker\/","title":{"rendered":"Solaranlagen auf dem Acker #solar #acker \ufffc"},"content":{"rendered":"<div class=\"youtubomatic-video-container\"><iframe loading=\"lazy\" allow=\"autoplay\" width=\"580\" height=\"380\" src=\"https:\/\/www.youtube.com\/embed\/1uBVUKj6QkA?controls=1\" frameborder=\"0\" allowfullscreen><\/iframe><\/div>\n<p>Wir Deutschen wissen immer, was wir nicht wollen: keine Windr\u00e4der und keine Stromleitungen. Aber der Strom soll nach wie vor aus der Steckdose kommen. Jetzt sind auch noch #Solaranlagen auf dem Acker in der Kritik. Dabei nimmt durch sie bei intensiv genutzten \u00c4ckern die Artenvielfalt zu, und durch Agri-#Photovoltaik sind #Landwirtschaft und Solarstromerzeugung gleichzeitig m\u00f6glich. H\u00f6ren wir doch einfach mal mit dem Meckern auf und machen unser Land energieunabh\u00e4ngig und zukunftsf\u00e4hig.<\/p>\n","protected":false},"excerpt":{"rendered":"<p>Wir Deutschen wissen immer, was wir nicht wollen: keine Windr\u00e4der und keine Stromleitungen. Aber der Strom soll nach wie vor aus der Steckdose kommen. Jetzt sind auch noch #Solaranlagen auf dem Acker in der Kritik. Dabei nimmt durch sie bei intensiv genutzten \u00c4ckern die Artenvielfalt zu, und durch Agri-#Photovoltaik sind #Landwirtschaft und Solarstromerzeugung gleichzeitig m\u00f6glich. [&hellip;]<\/p>\n","protected":false},"author":8553,"featured_media":18591,"comment_status":"open","ping_status":"open","sticky":false,"template":"","format":"standard","meta":{"footnotes":""},"categories":[60879,60881,60880,47521,117,60878],"tags":[60875,60877,60876,47504,60,60874],"class_list":["post-18590","post","type-post","status-publish","format-standard","has-post-thumbnail","hentry","category-acker","category-agri-pv","category-landwirtschaft","category-photovoltaik","category-solar","category-solaranlage","tag-acker","tag-agri-pv","tag-landwirtschaft","tag-photovoltaik","tag-solar","tag-solaranlage"],"_links":{"self":[{"href":"https:\/\/wpinitiate.com\/youtubomatic-test\/demoa26f6b3a\/wp-json\/wp\/v2\/posts\/18590","targetHints":{"allow":["GET"]}}],"collection":[{"href":"https:\/\/wpinitiate.com\/youtubomatic-test\/demoa26f6b3a\/wp-json\/wp\/v2\/posts"}],"about":[{"href":"https:\/\/wpinitiate.com\/youtubomatic-test\/demoa26f6b3a\/wp-json\/wp\/v2\/types\/post"}],"author":[{"embeddable":true,"href":"https:\/\/wpinitiate.com\/youtubomatic-test\/demoa26f6b3a\/wp-json\/wp\/v2\/users\/8553"}],"replies":[{"embeddable":true,"href":"https:\/\/wpinitiate.com\/youtubomatic-test\/demoa26f6b3a\/wp-json\/wp\/v2\/comments?post=18590"}],"version-history":[{"count":0,"href":"https:\/\/wpinitiate.com\/youtubomatic-test\/demoa26f6b3a\/wp-json\/wp\/v2\/posts\/18590\/revisions"}],"wp:featuredmedia":[{"embeddable":true,"href":"https:\/\/wpinitiate.com\/youtubomatic-test\/demoa26f6b3a\/wp-json\/wp\/v2\/media\/18591"}],"wp:attachment":[{"href":"https:\/\/wpinitiate.com\/youtubomatic-test\/demoa26f6b3a\/wp-json\/wp\/v2\/media?parent=18590"}],"wp:term":[{"taxonomy":"category","embeddable":true,"href":"https:\/\/wpinitiate.com\/youtubomatic-test\/demoa26f6b3a\/wp-json\/wp\/v2\/categories?post=18590"},{"taxonomy":"post_tag","embeddable":true,"href":"https:\/\/wpinitiate.com\/youtubomatic-test\/demoa26f6b3a\/wp-json\/wp\/v2\/tags?post=18590"}],"curies":[{"name":"wp","href":"https:\/\/api.w.org\/{rel}","templated":true}]}}