{"id":25738,"date":"2026-02-24T19:47:39","date_gmt":"2026-02-24T19:47:39","guid":{"rendered":"https:\/\/wpinitiate.com\/youtubomatic-test\/demoa26f6b3a\/2026\/02\/24\/la-dura-realidad-sobre-las-estaciones-de-energia\/"},"modified":"2026-02-24T19:47:39","modified_gmt":"2026-02-24T19:47:39","slug":"la-dura-realidad-sobre-las-estaciones-de-energia","status":"publish","type":"post","link":"https:\/\/wpinitiate.com\/youtubomatic-test\/demoa26f6b3a\/2026\/02\/24\/la-dura-realidad-sobre-las-estaciones-de-energia\/","title":{"rendered":"La dura realidad sobre las ESTACIONES de ENERG\u00cdA"},"content":{"rendered":"<div class=\"youtubomatic-video-container\"><iframe loading=\"lazy\" allow=\"autoplay\" width=\"580\" height=\"380\" src=\"https:\/\/www.youtube.com\/embed\/Zzk7pauNggo?controls=1\" frameborder=\"0\" allowfullscreen><\/iframe><\/div>\n<p>\u00bfDe verdad una estaci\u00f3n de energ\u00eda puede sustituir a una instalaci\u00f3n camper completa con bater\u00eda, inversor y todo el l\u00edo? \ud83e\udd14<\/p>\n<p>En este v\u00eddeo lo pongo a prueba de verdad, sin cuentos:<br \/>Conecto una nevera, un secador de pelo, planchas, y otros electrodom\u00e9sticos reales.<br \/>La cargo con paneles solares.<br \/>Y vemos hasta d\u00f3nde llega\u2026 y d\u00f3nde no.<\/p>\n<p>La respuesta corta es s\u00ed\u2026 si la estaci\u00f3n es buena, es totalmente v\u00e1lida para much\u00edsimas furgonetas camper.<br \/>Pero como siempre, aqu\u00ed no hay teor\u00eda: hay pruebas reales.<\/p>\n<p>Si est\u00e1s pensando en simplificar tu instalaci\u00f3n el\u00e9ctrica camper o no quieres meterte en una instalaci\u00f3n fija, este v\u00eddeo te interesa \u26a1\ud83d\ude90<\/p>\n<p>Estacion de energia Aferiy P210: <a href=\"https:\/\/eu.aferiy.com\/es\/products\/aferiy-p210-central-electrica-portatil-2400w-2048wh\" target=\"_blank\">https:\/\/eu.aferiy.com\/es\/products\/aferiy-p210-central-electrica-portatil-2400w-2048wh<\/a><br \/>C\u00f3digo de descuento: CamperizedP210<\/p>\n<p>\u00bfT\u00fa qu\u00e9 prefieres: estaci\u00f3n port\u00e1til o instalaci\u00f3n cl\u00e1sica? \ud83d\udc47<\/p>\n","protected":false},"excerpt":{"rendered":"<p>\u00bfDe verdad una estaci\u00f3n de energ\u00eda puede sustituir a una instalaci\u00f3n camper completa con bater\u00eda, inversor y todo el l\u00edo? \ud83e\udd14 En este v\u00eddeo lo pongo a prueba de verdad, sin cuentos:Conecto una nevera, un secador de pelo, planchas, y otros electrodom\u00e9sticos reales.La cargo con paneles solares.Y vemos hasta d\u00f3nde llega\u2026 y d\u00f3nde no. La [&hellip;]<\/p>\n","protected":false},"author":8553,"featured_media":25739,"comment_status":"open","ping_status":"open","sticky":false,"template":"","format":"standard","meta":{"footnotes":""},"categories":[45839,82117,65706,82122,82133,82128,82132,82131,82123,82124,82118,82119,82120,82127,82126,82129,82125,82121,82130,82134],"tags":[45832,82099,65701,82104,82115,82110,82114,82113,82105,82106,82100,82101,82102,82109,82108,82111,82107,82103,82112,82116],"class_list":["post-25738","post","type-post","status-publish","format-standard","has-post-thumbnail","hentry","category-aferiy-p210","category-aferiy-p210-camper","category-aferiy-power-station","category-bateria-portatil-camper","category-camper-off-grid","category-camper-sin-instalacion-fija","category-camper-van-power-station","category-consumo-electrico-camper","category-electricidad-camper","category-energia-solar-camper","category-estacion-de-energia-aferiy","category-estacion-de-energia-camper","category-estacion-electrica-furgoneta","category-instalacion-electrica-camper","category-inversor-camper","category-nevera-camper-220v","category-placas-solares-camper","category-power-station-camper","category-secador-en-camper","category-vida-camper","tag-aferiy-p210","tag-aferiy-p210-camper","tag-aferiy-power-station","tag-bateria-portatil-camper","tag-camper-off-grid","tag-camper-sin-instalacion-fija","tag-camper-van-power-station","tag-consumo-electrico-camper","tag-electricidad-camper","tag-energia-solar-camper","tag-estacion-de-energia-aferiy","tag-estacion-de-energia-camper","tag-estacion-electrica-furgoneta","tag-instalacion-electrica-camper","tag-inversor-camper","tag-nevera-camper-220v","tag-placas-solares-camper","tag-power-station-camper","tag-secador-en-camper","tag-vida-camper"],"_links":{"self":[{"href":"https:\/\/wpinitiate.com\/youtubomatic-test\/demoa26f6b3a\/wp-json\/wp\/v2\/posts\/25738","targetHints":{"allow":["GET"]}}],"collection":[{"href":"https:\/\/wpinitiate.com\/youtubomatic-test\/demoa26f6b3a\/wp-json\/wp\/v2\/posts"}],"about":[{"href":"https:\/\/wpinitiate.com\/youtubomatic-test\/demoa26f6b3a\/wp-json\/wp\/v2\/types\/post"}],"author":[{"embeddable":true,"href":"https:\/\/wpinitiate.com\/youtubomatic-test\/demoa26f6b3a\/wp-json\/wp\/v2\/users\/8553"}],"replies":[{"embeddable":true,"href":"https:\/\/wpinitiate.com\/youtubomatic-test\/demoa26f6b3a\/wp-json\/wp\/v2\/comments?post=25738"}],"version-history":[{"count":0,"href":"https:\/\/wpinitiate.com\/youtubomatic-test\/demoa26f6b3a\/wp-json\/wp\/v2\/posts\/25738\/revisions"}],"wp:featuredmedia":[{"embeddable":true,"href":"https:\/\/wpinitiate.com\/youtubomatic-test\/demoa26f6b3a\/wp-json\/wp\/v2\/media\/25739"}],"wp:attachment":[{"href":"https:\/\/wpinitiate.com\/youtubomatic-test\/demoa26f6b3a\/wp-json\/wp\/v2\/media?parent=25738"}],"wp:term":[{"taxonomy":"category","embeddable":true,"href":"https:\/\/wpinitiate.com\/youtubomatic-test\/demoa26f6b3a\/wp-json\/wp\/v2\/categories?post=25738"},{"taxonomy":"post_tag","embeddable":true,"href":"https:\/\/wpinitiate.com\/youtubomatic-test\/demoa26f6b3a\/wp-json\/wp\/v2\/tags?post=25738"}],"curies":[{"name":"wp","href":"https:\/\/api.w.org\/{rel}","templated":true}]}}