{"id":27356,"date":"2026-03-23T09:47:48","date_gmt":"2026-03-23T09:47:48","guid":{"rendered":"https:\/\/wpinitiate.com\/youtubomatic-test\/demoa26f6b3a\/2026\/03\/23\/arabanin-ustune-gunes-paneli-koydu-sonuc-sok-%e2%9a%a1\/"},"modified":"2026-03-23T09:47:48","modified_gmt":"2026-03-23T09:47:48","slug":"arabanin-ustune-gunes-paneli-koydu-sonuc-sok-%e2%9a%a1","status":"publish","type":"post","link":"https:\/\/wpinitiate.com\/youtubomatic-test\/demoa26f6b3a\/2026\/03\/23\/arabanin-ustune-gunes-paneli-koydu-sonuc-sok-%e2%9a%a1\/","title":{"rendered":"Araban\u0131n \u00dcst\u00fcne G\u00fcne\u015f Paneli Koydu! Sonu\u00e7 \u015eOK \u26a1"},"content":{"rendered":"<div class=\"youtubomatic-video-container\"><iframe loading=\"lazy\" allow=\"autoplay\" width=\"580\" height=\"380\" src=\"https:\/\/www.youtube.com\/embed\/YnjdLJ1GLmc?controls=1\" frameborder=\"0\" allowfullscreen><\/iframe><\/div>\n<p>Araban\u0131n \u00fcst\u00fcne esnek (flexible) g\u00fcne\u015f paneli koyarsan ne olur? \u2600\ufe0f\ud83d\ude97<\/p>\n<p>Bu videoda bir adam arac\u0131na g\u00fcne\u015f paneli monte ediyor ve ortaya ger\u00e7ekten ilgin\u00e7 bir sonu\u00e7 \u00e7\u0131k\u0131yor!<\/p>\n<p>Peki as\u0131l soru \u015fu:<br \/>\ud83d\udc49 Bu sistem elektrikli ara\u00e7larda kullan\u0131lsa \u015farj derdi biter mi?<\/p>\n<p>\u015eu an i\u00e7in tamamen \u015farj etmek zor olsa da, destekleyici enerji \u00fcretimi ile ciddi avantaj sa\u011flayabilir. Gelecekte ise arabalar kendi elektri\u011fini \u00fcretmeye ba\u015flayabilir!<\/p>\n<p>\ud83d\udcac Sence bu mant\u0131kl\u0131 m\u0131 yoksa gereksiz mi? Yorumlara yaz!<\/p>\n<p>#shorts  #elektrikliara\u00e7  #g\u00fcne\u015fenerjisi  #solarenergy #flexible<\/p>\n","protected":false},"excerpt":{"rendered":"<p>Araban\u0131n \u00fcst\u00fcne esnek (flexible) g\u00fcne\u015f paneli koyarsan ne olur? \u2600\ufe0f\ud83d\ude97 Bu videoda bir adam arac\u0131na g\u00fcne\u015f paneli monte ediyor ve ortaya ger\u00e7ekten ilgin\u00e7 bir sonu\u00e7 \u00e7\u0131k\u0131yor! Peki as\u0131l soru \u015fu:\ud83d\udc49 Bu sistem elektrikli ara\u00e7larda kullan\u0131lsa \u015farj derdi biter mi? \u015eu an i\u00e7in tamamen \u015farj etmek zor olsa da, destekleyici enerji \u00fcretimi ile ciddi avantaj sa\u011flayabilir. [&hellip;]<\/p>\n","protected":false},"author":8553,"featured_media":27357,"comment_status":"open","ping_status":"open","sticky":false,"template":"","format":"standard","meta":{"footnotes":""},"categories":[86733,1147,5392,86743,86734,86744,86742,86737,65381,65382,1725,86735,2028,86736,86738,86739,86740,86741,117,818,20178,29,34,20180,308],"tags":[86721,1133,5376,86731,86722,86732,86730,86725,65375,65376,1714,86723,2010,86724,86726,86727,86728,86729,60,804,20164,2,7,20166,284],"class_list":["post-27356","post","type-post","status-publish","format-standard","has-post-thumbnail","hentry","category-araba-gunes-paneli","category-electric-car","category-electric-cars","category-elektrikli-araba","category-elektrikli-araba-sarj","category-elektrikli-arabalar","category-elektrikli-arac","category-elektrikli-arac-sarj-sistemi","category-esnek-gunes-paneli","category-esnek-panel","category-flexible-solar-panel","category-flexible-solar-panel-araba","category-free-energy","category-gunes-enerjisi-araba","category-off-grid-arac-sistemi","category-portable-solar-enerji","category-renewable-energy-car","category-simple-way","category-solar","category-solar-battery","category-solar-car","category-solar-energy","category-solar-power","category-solar-powered-car","category-tesla","tag-araba-gunes-paneli","tag-electric-car","tag-electric-cars","tag-elektrikli-araba","tag-elektrikli-araba-sarj","tag-elektrikli-arabalar","tag-elektrikli-arac","tag-elektrikli-arac-sarj-sistemi","tag-esnek-gunes-paneli","tag-esnek-panel","tag-flexible-solar-panel","tag-flexible-solar-panel-araba","tag-free-energy","tag-gunes-enerjisi-araba","tag-off-grid-arac-sistemi","tag-portable-solar-enerji","tag-renewable-energy-car","tag-simple-way","tag-solar","tag-solar-battery","tag-solar-car","tag-solar-energy","tag-solar-power","tag-solar-powered-car","tag-tesla"],"_links":{"self":[{"href":"https:\/\/wpinitiate.com\/youtubomatic-test\/demoa26f6b3a\/wp-json\/wp\/v2\/posts\/27356","targetHints":{"allow":["GET"]}}],"collection":[{"href":"https:\/\/wpinitiate.com\/youtubomatic-test\/demoa26f6b3a\/wp-json\/wp\/v2\/posts"}],"about":[{"href":"https:\/\/wpinitiate.com\/youtubomatic-test\/demoa26f6b3a\/wp-json\/wp\/v2\/types\/post"}],"author":[{"embeddable":true,"href":"https:\/\/wpinitiate.com\/youtubomatic-test\/demoa26f6b3a\/wp-json\/wp\/v2\/users\/8553"}],"replies":[{"embeddable":true,"href":"https:\/\/wpinitiate.com\/youtubomatic-test\/demoa26f6b3a\/wp-json\/wp\/v2\/comments?post=27356"}],"version-history":[{"count":0,"href":"https:\/\/wpinitiate.com\/youtubomatic-test\/demoa26f6b3a\/wp-json\/wp\/v2\/posts\/27356\/revisions"}],"wp:featuredmedia":[{"embeddable":true,"href":"https:\/\/wpinitiate.com\/youtubomatic-test\/demoa26f6b3a\/wp-json\/wp\/v2\/media\/27357"}],"wp:attachment":[{"href":"https:\/\/wpinitiate.com\/youtubomatic-test\/demoa26f6b3a\/wp-json\/wp\/v2\/media?parent=27356"}],"wp:term":[{"taxonomy":"category","embeddable":true,"href":"https:\/\/wpinitiate.com\/youtubomatic-test\/demoa26f6b3a\/wp-json\/wp\/v2\/categories?post=27356"},{"taxonomy":"post_tag","embeddable":true,"href":"https:\/\/wpinitiate.com\/youtubomatic-test\/demoa26f6b3a\/wp-json\/wp\/v2\/tags?post=27356"}],"curies":[{"name":"wp","href":"https:\/\/api.w.org\/{rel}","templated":true}]}}